{"id":8443,"date":"2025-09-22T13:28:43","date_gmt":"2025-09-22T11:28:43","guid":{"rendered":"https:\/\/www.schulzentrum-stetten-akm.de\/?p=8443"},"modified":"2025-09-22T14:47:36","modified_gmt":"2025-09-22T12:47:36","slug":"loewenstarker-start","status":"publish","type":"post","link":"https:\/\/www.schulzentrum-stetten-akm.de\/ro\/loewenstarker-start\/","title":{"rendered":"L\u00f6wenstarker Start"},"content":{"rendered":"<p>Am Mittwoch, 17. September, war es endlich so weit: Die neuen Erstkl\u00e4ssler wurden am Schulzentrum Stetten am kalten Markt feierlich aufgenommen.<\/p>\n\n\n\n<p>Zur Begr\u00fc\u00dfung f\u00fchrten die Zweitkl\u00e4ssler ein kleines Theaterst\u00fcck auf, das vom ersten Tag in der \u201eTierschule\u201c handelte. Mit viel Begeisterung und Spielfreude stellten sie dar, wie aufregend und spannend so ein erster Schultag sein kann. Zum Abschluss sangen sie das Lied&nbsp;<strong>\u201eL\u00f6wenstark\u201c<\/strong>, mit dem sie den Erstkl\u00e4sslern Mut zusprachen und ihnen w\u00fcnschten, dass sie voller St\u00e4rke und Freude in ihren neuen Lebensabschnitt starten.<\/p>\n\n\n\n<p>Danach gingen die Erstkl\u00e4ssler in ihre Klassen und erlebten ihre ersten beiden Unterrichtsstunden. W\u00e4hrenddessen waren Eltern, Gro\u00dfeltern und G\u00e4ste eingeladen, bei Kaffee, Kuchen und Getr\u00e4nken zu verweilen, die von den Eltern der Zweitkl\u00e4ssler vorbereitet worden waren. So bot sich Gelegenheit f\u00fcr viele Gespr\u00e4che in gem\u00fctlicher Atmosph\u00e4re.<\/p>\n\n\n\n<figure class=\"wp-block-image size-large\"><img loading=\"lazy\" decoding=\"async\" width=\"1024\" height=\"461\" src=\"https:\/\/www.schulzentrum-stetten-akm.de\/wp-content\/uploads\/2025\/09\/medium-1-1024x461.jpeg\" alt=\"\" class=\"wp-image-8445\" srcset=\"https:\/\/www.schulzentrum-stetten-akm.de\/wp-content\/uploads\/2025\/09\/medium-1-1024x461.jpeg 1024w, https:\/\/www.schulzentrum-stetten-akm.de\/wp-content\/uploads\/2025\/09\/medium-1-300x135.jpeg 300w, https:\/\/www.schulzentrum-stetten-akm.de\/wp-content\/uploads\/2025\/09\/medium-1-768x346.jpeg 768w, https:\/\/www.schulzentrum-stetten-akm.de\/wp-content\/uploads\/2025\/09\/medium-1-1536x692.jpeg 1536w, https:\/\/www.schulzentrum-stetten-akm.de\/wp-content\/uploads\/2025\/09\/medium-1-18x8.jpeg 18w, https:\/\/www.schulzentrum-stetten-akm.de\/wp-content\/uploads\/2025\/09\/medium-1.jpeg 2048w\" sizes=\"auto, (max-width: 1024px) 100vw, 1024px\" \/><\/figure>\n\n\n\n<p>Klasse 1\/2 a mit Frau Sch\u00f6llhorn<\/p>\n\n\n\n<figure class=\"wp-block-image size-large\"><img loading=\"lazy\" decoding=\"async\" width=\"1024\" height=\"461\" src=\"https:\/\/www.schulzentrum-stetten-akm.de\/wp-content\/uploads\/2025\/09\/medium-2-1024x461.jpeg\" alt=\"\" class=\"wp-image-8447\" srcset=\"https:\/\/www.schulzentrum-stetten-akm.de\/wp-content\/uploads\/2025\/09\/medium-2-1024x461.jpeg 1024w, https:\/\/www.schulzentrum-stetten-akm.de\/wp-content\/uploads\/2025\/09\/medium-2-300x135.jpeg 300w, https:\/\/www.schulzentrum-stetten-akm.de\/wp-content\/uploads\/2025\/09\/medium-2-768x346.jpeg 768w, https:\/\/www.schulzentrum-stetten-akm.de\/wp-content\/uploads\/2025\/09\/medium-2-1536x692.jpeg 1536w, https:\/\/www.schulzentrum-stetten-akm.de\/wp-content\/uploads\/2025\/09\/medium-2-18x8.jpeg 18w, https:\/\/www.schulzentrum-stetten-akm.de\/wp-content\/uploads\/2025\/09\/medium-2.jpeg 2048w\" sizes=\"auto, (max-width: 1024px) 100vw, 1024px\" \/><\/figure>\n\n\n\n<p>Klasse 1\/2 b mit Frau Binder<\/p>\n\n\n\n<figure class=\"wp-block-image size-large\"><img loading=\"lazy\" decoding=\"async\" width=\"1024\" height=\"461\" src=\"https:\/\/www.schulzentrum-stetten-akm.de\/wp-content\/uploads\/2025\/09\/medium-3-1024x461.jpeg\" alt=\"\" class=\"wp-image-8448\" srcset=\"https:\/\/www.schulzentrum-stetten-akm.de\/wp-content\/uploads\/2025\/09\/medium-3-1024x461.jpeg 1024w, https:\/\/www.schulzentrum-stetten-akm.de\/wp-content\/uploads\/2025\/09\/medium-3-300x135.jpeg 300w, https:\/\/www.schulzentrum-stetten-akm.de\/wp-content\/uploads\/2025\/09\/medium-3-768x346.jpeg 768w, https:\/\/www.schulzentrum-stetten-akm.de\/wp-content\/uploads\/2025\/09\/medium-3-1536x692.jpeg 1536w, https:\/\/www.schulzentrum-stetten-akm.de\/wp-content\/uploads\/2025\/09\/medium-3-18x8.jpeg 18w, https:\/\/www.schulzentrum-stetten-akm.de\/wp-content\/uploads\/2025\/09\/medium-3.jpeg 2048w\" sizes=\"auto, (max-width: 1024px) 100vw, 1024px\" \/><\/figure>\n\n\n\n<p>Klasse 1\/2 c mit Frau Lorch<\/p>\n\n\n\n<figure class=\"wp-block-image size-large\"><img loading=\"lazy\" decoding=\"async\" width=\"1024\" height=\"461\" src=\"https:\/\/www.schulzentrum-stetten-akm.de\/wp-content\/uploads\/2025\/09\/medium-4-1024x461.jpeg\" alt=\"\" class=\"wp-image-8449\" srcset=\"https:\/\/www.schulzentrum-stetten-akm.de\/wp-content\/uploads\/2025\/09\/medium-4-1024x461.jpeg 1024w, https:\/\/www.schulzentrum-stetten-akm.de\/wp-content\/uploads\/2025\/09\/medium-4-300x135.jpeg 300w, https:\/\/www.schulzentrum-stetten-akm.de\/wp-content\/uploads\/2025\/09\/medium-4-768x346.jpeg 768w, https:\/\/www.schulzentrum-stetten-akm.de\/wp-content\/uploads\/2025\/09\/medium-4-1536x692.jpeg 1536w, https:\/\/www.schulzentrum-stetten-akm.de\/wp-content\/uploads\/2025\/09\/medium-4-18x8.jpeg 18w, https:\/\/www.schulzentrum-stetten-akm.de\/wp-content\/uploads\/2025\/09\/medium-4.jpeg 2048w\" sizes=\"auto, (max-width: 1024px) 100vw, 1024px\" \/><\/figure>\n\n\n\n<p>Klasse 1\/2 d mit Frau Staniszewski<\/p>\n\n\n\n<p>Quelle: Bilder von Celina Kliche, Text von Franziska Ritter<\/p>","protected":false},"excerpt":{"rendered":"<p>Am Mittwoch, 17. September, war es endlich so weit: Die neuen Erstkl\u00e4ssler wurden am Schulzentrum Stetten am kalten Markt feierlich aufgenommen. Zur Begr\u00fc\u00dfung f\u00fchrten die Zweitkl\u00e4ssler ein kleines Theaterst\u00fcck auf, &hellip; <\/p>","protected":false},"author":26,"featured_media":0,"comment_status":"closed","ping_status":"closed","sticky":false,"template":"","format":"standard","meta":{"footnotes":""},"categories":[1,20],"tags":[],"class_list":["post-8443","post","type-post","status-publish","format-standard","hentry","category-allgemein","category-veranstaltungen"],"_links":{"self":[{"href":"https:\/\/www.schulzentrum-stetten-akm.de\/ro\/wp-json\/wp\/v2\/posts\/8443","targetHints":{"allow":["GET"]}}],"collection":[{"href":"https:\/\/www.schulzentrum-stetten-akm.de\/ro\/wp-json\/wp\/v2\/posts"}],"about":[{"href":"https:\/\/www.schulzentrum-stetten-akm.de\/ro\/wp-json\/wp\/v2\/types\/post"}],"author":[{"embeddable":true,"href":"https:\/\/www.schulzentrum-stetten-akm.de\/ro\/wp-json\/wp\/v2\/users\/26"}],"replies":[{"embeddable":true,"href":"https:\/\/www.schulzentrum-stetten-akm.de\/ro\/wp-json\/wp\/v2\/comments?post=8443"}],"version-history":[{"count":4,"href":"https:\/\/www.schulzentrum-stetten-akm.de\/ro\/wp-json\/wp\/v2\/posts\/8443\/revisions"}],"predecessor-version":[{"id":8456,"href":"https:\/\/www.schulzentrum-stetten-akm.de\/ro\/wp-json\/wp\/v2\/posts\/8443\/revisions\/8456"}],"wp:attachment":[{"href":"https:\/\/www.schulzentrum-stetten-akm.de\/ro\/wp-json\/wp\/v2\/media?parent=8443"}],"wp:term":[{"taxonomy":"category","embeddable":true,"href":"https:\/\/www.schulzentrum-stetten-akm.de\/ro\/wp-json\/wp\/v2\/categories?post=8443"},{"taxonomy":"post_tag","embeddable":true,"href":"https:\/\/www.schulzentrum-stetten-akm.de\/ro\/wp-json\/wp\/v2\/tags?post=8443"}],"curies":[{"name":"wp","href":"https:\/\/api.w.org\/{rel}","templated":true}]}}