{"id":8345,"date":"2025-07-24T11:06:30","date_gmt":"2025-07-24T09:06:30","guid":{"rendered":"https:\/\/www.schulzentrum-stetten-akm.de\/?p=8345"},"modified":"2025-07-29T08:27:20","modified_gmt":"2025-07-29T06:27:20","slug":"dubai-schokolade","status":"publish","type":"post","link":"https:\/\/www.schulzentrum-stetten-akm.de\/ro\/dubai-schokolade\/","title":{"rendered":"Dubai-Schokolade"},"content":{"rendered":"<p>In der letzten AES-Stunde vor den Sommerferien erf\u00fcllte sich die Lerngruppe 8.2 von Frau Unterstenh\u00f6fer einen besonderen Wunsch: Anl\u00e4sslich der bestandenen Abschlusspr\u00fcfung ihres Referendariats stellten die Lernpartner gemeinsam feine Dubai-Schokolade her. Das liebevoll gestaltete Geschenk sorgte f\u00fcr gro\u00dfe Freude und spiegelte den kreativen Teamgeist der Gruppe wider \u2013 ein k\u00f6stliches Ergebnis, das sich sehen und schmecken lassen kann.<\/p>\n\n\n\n<figure class=\"wp-block-image size-full\"><img loading=\"lazy\" decoding=\"async\" width=\"768\" height=\"1024\" src=\"https:\/\/www.schulzentrum-stetten-akm.de\/wp-content\/uploads\/2025\/07\/IMG_0247.jpeg\" alt=\"\" class=\"wp-image-8348\" srcset=\"https:\/\/www.schulzentrum-stetten-akm.de\/wp-content\/uploads\/2025\/07\/IMG_0247.jpeg 768w, https:\/\/www.schulzentrum-stetten-akm.de\/wp-content\/uploads\/2025\/07\/IMG_0247-225x300.jpeg 225w, https:\/\/www.schulzentrum-stetten-akm.de\/wp-content\/uploads\/2025\/07\/IMG_0247-9x12.jpeg 9w\" sizes=\"auto, (max-width: 768px) 100vw, 768px\" \/><\/figure>\n\n\n\n<p>Quelle: Katja Unterstenh\u00f6fer<\/p>","protected":false},"excerpt":{"rendered":"<p>In der letzten AES-Stunde vor den Sommerferien erf\u00fcllte sich die Lerngruppe 8.2 von Frau Unterstenh\u00f6fer einen besonderen Wunsch: Anl\u00e4sslich der bestandenen Abschlusspr\u00fcfung ihres Referendariats stellten die Lernpartner gemeinsam feine Dubai-Schokolade &hellip; <\/p>","protected":false},"author":26,"featured_media":8347,"comment_status":"closed","ping_status":"closed","sticky":false,"template":"","format":"standard","meta":{"footnotes":""},"categories":[1],"tags":[],"class_list":["post-8345","post","type-post","status-publish","format-standard","has-post-thumbnail","hentry","category-allgemein"],"_links":{"self":[{"href":"https:\/\/www.schulzentrum-stetten-akm.de\/ro\/wp-json\/wp\/v2\/posts\/8345","targetHints":{"allow":["GET"]}}],"collection":[{"href":"https:\/\/www.schulzentrum-stetten-akm.de\/ro\/wp-json\/wp\/v2\/posts"}],"about":[{"href":"https:\/\/www.schulzentrum-stetten-akm.de\/ro\/wp-json\/wp\/v2\/types\/post"}],"author":[{"embeddable":true,"href":"https:\/\/www.schulzentrum-stetten-akm.de\/ro\/wp-json\/wp\/v2\/users\/26"}],"replies":[{"embeddable":true,"href":"https:\/\/www.schulzentrum-stetten-akm.de\/ro\/wp-json\/wp\/v2\/comments?post=8345"}],"version-history":[{"count":2,"href":"https:\/\/www.schulzentrum-stetten-akm.de\/ro\/wp-json\/wp\/v2\/posts\/8345\/revisions"}],"predecessor-version":[{"id":8350,"href":"https:\/\/www.schulzentrum-stetten-akm.de\/ro\/wp-json\/wp\/v2\/posts\/8345\/revisions\/8350"}],"wp:featuredmedia":[{"embeddable":true,"href":"https:\/\/www.schulzentrum-stetten-akm.de\/ro\/wp-json\/wp\/v2\/media\/8347"}],"wp:attachment":[{"href":"https:\/\/www.schulzentrum-stetten-akm.de\/ro\/wp-json\/wp\/v2\/media?parent=8345"}],"wp:term":[{"taxonomy":"category","embeddable":true,"href":"https:\/\/www.schulzentrum-stetten-akm.de\/ro\/wp-json\/wp\/v2\/categories?post=8345"},{"taxonomy":"post_tag","embeddable":true,"href":"https:\/\/www.schulzentrum-stetten-akm.de\/ro\/wp-json\/wp\/v2\/tags?post=8345"}],"curies":[{"name":"wp","href":"https:\/\/api.w.org\/{rel}","templated":true}]}}