{"id":8274,"date":"2025-07-09T14:21:07","date_gmt":"2025-07-09T12:21:07","guid":{"rendered":"https:\/\/www.schulzentrum-stetten-akm.de\/?p=8274"},"modified":"2025-07-09T14:22:49","modified_gmt":"2025-07-09T12:22:49","slug":"rotes-kreuz-am-schulzentrum","status":"publish","type":"post","link":"https:\/\/www.schulzentrum-stetten-akm.de\/ro\/rotes-kreuz-am-schulzentrum\/","title":{"rendered":"Rotes Kreuz am Schulzentrum"},"content":{"rendered":"<p><br>Am 9.&nbsp;und&nbsp;11. Juli 2025 besuchte das Deutsche Rote Kreuz Stetten a.\u202fk.\u202fM. die Lerngruppen 8.1 und 8.2 sowie 7.1 und 7.2, um die Unterrichtseinheiten \u201eGesund und fit\u201c \/ \u201eF\u00fcr mich und andere sorgen\u201c im Fach AES (Alltagskultur, Ern\u00e4hrung, Soziales) praxisnah abzurunden.<\/p>\n\n\n\n<p><br>In einer 90-min\u00fctigen Veranstaltung lernten die Sch\u00fclerinnen und Sch\u00fcler, wie sie im Notfall richtig handeln:<br>\u2022\u202fNotruf absetzen: Wie gebe ich die wichtigsten Informationen weiter?<br>\u2022\u202fNotlagen erkennen: Woran erkenne ich, dass jemand Hilfe braucht?<br>\u2022\u202fStabile Seitenlage: Schritt f\u00fcr Schritt&nbsp;praktisch ge\u00fcbt.<br>\u2022\u202fWiederbelebung: Mitrei\u00dfend vermittelt \u2013 im Rhythmus des Songs \u201eHighway to Hell\u201c.<\/p>\n\n\n\n<p><\/p>\n\n\n\n<p><br>Herr Matthias Boden vom DRK erkl\u00e4rte&nbsp;anschaulich&nbsp;und mit vielen praktischen Beispielen, wie man im Ernstfall sicher und schnell helfen kann. Die Jugendlichen brachten viel Vorwissen mit und beteiligten sich engagiert an den \u00dcbungen.<br>Ein herzliches Dankesch\u00f6n an das DRK-Team f\u00fcr diesen wichtigen und lebendigen Beitrag zur Ersten Hilfe an unserer Schule!<\/p>\n\n\n\n<p><br>Quelle: Katja Unterstenh\u00f6fer<\/p>\n\n\n\n<figure class=\"wp-block-image size-full is-resized\"><img loading=\"lazy\" decoding=\"async\" width=\"768\" height=\"1024\" src=\"https:\/\/www.schulzentrum-stetten-akm.de\/wp-content\/uploads\/2025\/07\/IMG_0212.jpeg\" alt=\"\" class=\"wp-image-8277\" style=\"width:960px;height:auto\" srcset=\"https:\/\/www.schulzentrum-stetten-akm.de\/wp-content\/uploads\/2025\/07\/IMG_0212.jpeg 768w, https:\/\/www.schulzentrum-stetten-akm.de\/wp-content\/uploads\/2025\/07\/IMG_0212-225x300.jpeg 225w, https:\/\/www.schulzentrum-stetten-akm.de\/wp-content\/uploads\/2025\/07\/IMG_0212-9x12.jpeg 9w\" sizes=\"auto, (max-width: 768px) 100vw, 768px\" \/><\/figure>\n\n\n\n<figure class=\"wp-block-image size-full\"><img loading=\"lazy\" decoding=\"async\" width=\"768\" height=\"1024\" src=\"https:\/\/www.schulzentrum-stetten-akm.de\/wp-content\/uploads\/2025\/07\/IMG_0457.jpeg\" alt=\"\" class=\"wp-image-8278\" srcset=\"https:\/\/www.schulzentrum-stetten-akm.de\/wp-content\/uploads\/2025\/07\/IMG_0457.jpeg 768w, https:\/\/www.schulzentrum-stetten-akm.de\/wp-content\/uploads\/2025\/07\/IMG_0457-225x300.jpeg 225w, https:\/\/www.schulzentrum-stetten-akm.de\/wp-content\/uploads\/2025\/07\/IMG_0457-9x12.jpeg 9w\" sizes=\"auto, (max-width: 768px) 100vw, 768px\" \/><\/figure>","protected":false},"excerpt":{"rendered":"<p>Am 9.&nbsp;und&nbsp;11. Juli 2025 besuchte das Deutsche Rote Kreuz Stetten a.\u202fk.\u202fM. die Lerngruppen 8.1 und 8.2 sowie 7.1 und 7.2, um die Unterrichtseinheiten \u201eGesund und fit\u201c \/ \u201eF\u00fcr mich und &hellip; <\/p>","protected":false},"author":26,"featured_media":8275,"comment_status":"closed","ping_status":"closed","sticky":false,"template":"","format":"standard","meta":{"footnotes":""},"categories":[1,22],"tags":[],"class_list":["post-8274","post","type-post","status-publish","format-standard","has-post-thumbnail","hentry","category-allgemein","category-schulalltag"],"_links":{"self":[{"href":"https:\/\/www.schulzentrum-stetten-akm.de\/ro\/wp-json\/wp\/v2\/posts\/8274","targetHints":{"allow":["GET"]}}],"collection":[{"href":"https:\/\/www.schulzentrum-stetten-akm.de\/ro\/wp-json\/wp\/v2\/posts"}],"about":[{"href":"https:\/\/www.schulzentrum-stetten-akm.de\/ro\/wp-json\/wp\/v2\/types\/post"}],"author":[{"embeddable":true,"href":"https:\/\/www.schulzentrum-stetten-akm.de\/ro\/wp-json\/wp\/v2\/users\/26"}],"replies":[{"embeddable":true,"href":"https:\/\/www.schulzentrum-stetten-akm.de\/ro\/wp-json\/wp\/v2\/comments?post=8274"}],"version-history":[{"count":2,"href":"https:\/\/www.schulzentrum-stetten-akm.de\/ro\/wp-json\/wp\/v2\/posts\/8274\/revisions"}],"predecessor-version":[{"id":8279,"href":"https:\/\/www.schulzentrum-stetten-akm.de\/ro\/wp-json\/wp\/v2\/posts\/8274\/revisions\/8279"}],"wp:featuredmedia":[{"embeddable":true,"href":"https:\/\/www.schulzentrum-stetten-akm.de\/ro\/wp-json\/wp\/v2\/media\/8275"}],"wp:attachment":[{"href":"https:\/\/www.schulzentrum-stetten-akm.de\/ro\/wp-json\/wp\/v2\/media?parent=8274"}],"wp:term":[{"taxonomy":"category","embeddable":true,"href":"https:\/\/www.schulzentrum-stetten-akm.de\/ro\/wp-json\/wp\/v2\/categories?post=8274"},{"taxonomy":"post_tag","embeddable":true,"href":"https:\/\/www.schulzentrum-stetten-akm.de\/ro\/wp-json\/wp\/v2\/tags?post=8274"}],"curies":[{"name":"wp","href":"https:\/\/api.w.org\/{rel}","templated":true}]}}