{"id":8232,"date":"2025-07-02T14:53:32","date_gmt":"2025-07-02T12:53:32","guid":{"rendered":"https:\/\/www.schulzentrum-stetten-akm.de\/?p=8232"},"modified":"2025-07-02T14:59:03","modified_gmt":"2025-07-02T12:59:03","slug":"waldtag-der-klasse-1-2-a","status":"publish","type":"post","link":"https:\/\/www.schulzentrum-stetten-akm.de\/ro\/waldtag-der-klasse-1-2-a\/","title":{"rendered":"Waldtag der Klasse 1\/2 a"},"content":{"rendered":"<p>Die Klasse 1\/2a hat einen spannenden und erlebnisreichen Tag in der Waldschule Wunderfitz in Laiz verbracht \u2013 gemeinsam mit der F\u00f6rsterin Nina Heinze.<\/p>\n\n\n\n<p>Zun\u00e4chst suchten die Kinder \u201eihren\u201c Lieblingsbaum aus und lernten ihn genau kennen: Sie erforschten Rinde, Bl\u00e4tter, Wuchsform und Standort. Anschlie\u00dfend gestalteten sie mit Naturmaterialien fantasievolle Bilder rund um diesen Baum.<\/p>\n\n\n\n<p>Auch die Welt der V\u00f6gel stand im Mittelpunkt: Die F\u00f6rsterin erkl\u00e4rte anschaulich, wie V\u00f6gel ihre Jungen aufziehen, welche Nester sie bauen und worauf sie beim F\u00fcttern achten.<\/p>\n\n\n\n<p>Nat\u00fcrlich durfte auch das Spielen im Wald nicht fehlen. Beim Balancieren, Verstecken und Klettern erkundeten die Kinder den Lebensraum Wald mit allen Sinnen und hatten viel Freude dabei.<\/p>\n\n\n\n<p>Ein herzliches Dankesch\u00f6n an F\u00f6rsterin Nina Heinze f\u00fcr diesen lehrreichen und abwechslungsreichen Tag!<\/p>\n\n\n\n<p>Quelle: Ricarda Rapp<\/p>","protected":false},"excerpt":{"rendered":"<p>Die Klasse 1\/2a hat einen spannenden und erlebnisreichen Tag in der Waldschule Wunderfitz in Laiz verbracht \u2013 gemeinsam mit der F\u00f6rsterin Nina Heinze. Zun\u00e4chst suchten die Kinder \u201eihren\u201c Lieblingsbaum aus &hellip; <\/p>","protected":false},"author":26,"featured_media":8233,"comment_status":"closed","ping_status":"closed","sticky":false,"template":"","format":"standard","meta":{"footnotes":""},"categories":[1,21],"tags":[],"class_list":["post-8232","post","type-post","status-publish","format-standard","has-post-thumbnail","hentry","category-allgemein","category-exkursionen-und-lerngaenge"],"_links":{"self":[{"href":"https:\/\/www.schulzentrum-stetten-akm.de\/ro\/wp-json\/wp\/v2\/posts\/8232","targetHints":{"allow":["GET"]}}],"collection":[{"href":"https:\/\/www.schulzentrum-stetten-akm.de\/ro\/wp-json\/wp\/v2\/posts"}],"about":[{"href":"https:\/\/www.schulzentrum-stetten-akm.de\/ro\/wp-json\/wp\/v2\/types\/post"}],"author":[{"embeddable":true,"href":"https:\/\/www.schulzentrum-stetten-akm.de\/ro\/wp-json\/wp\/v2\/users\/26"}],"replies":[{"embeddable":true,"href":"https:\/\/www.schulzentrum-stetten-akm.de\/ro\/wp-json\/wp\/v2\/comments?post=8232"}],"version-history":[{"count":3,"href":"https:\/\/www.schulzentrum-stetten-akm.de\/ro\/wp-json\/wp\/v2\/posts\/8232\/revisions"}],"predecessor-version":[{"id":8236,"href":"https:\/\/www.schulzentrum-stetten-akm.de\/ro\/wp-json\/wp\/v2\/posts\/8232\/revisions\/8236"}],"wp:featuredmedia":[{"embeddable":true,"href":"https:\/\/www.schulzentrum-stetten-akm.de\/ro\/wp-json\/wp\/v2\/media\/8233"}],"wp:attachment":[{"href":"https:\/\/www.schulzentrum-stetten-akm.de\/ro\/wp-json\/wp\/v2\/media?parent=8232"}],"wp:term":[{"taxonomy":"category","embeddable":true,"href":"https:\/\/www.schulzentrum-stetten-akm.de\/ro\/wp-json\/wp\/v2\/categories?post=8232"},{"taxonomy":"post_tag","embeddable":true,"href":"https:\/\/www.schulzentrum-stetten-akm.de\/ro\/wp-json\/wp\/v2\/tags?post=8232"}],"curies":[{"name":"wp","href":"https:\/\/api.w.org\/{rel}","templated":true}]}}