{"id":7882,"date":"2025-02-21T19:22:37","date_gmt":"2025-02-21T18:22:37","guid":{"rendered":"https:\/\/www.schulzentrum-stetten-akm.de\/?p=7882"},"modified":"2025-02-21T19:30:36","modified_gmt":"2025-02-21T18:30:36","slug":"ein-gelungener-tag-der-offenen-tuer","status":"publish","type":"post","link":"https:\/\/www.schulzentrum-stetten-akm.de\/ro\/ein-gelungener-tag-der-offenen-tuer\/","title":{"rendered":"Ein gelungener Tag der offenen T\u00fcr"},"content":{"rendered":"<p><\/p>\n\n\n\n<p><br>Am Donnerstag \u00f6ffnete&nbsp;das Schulzentrum Stetten am kalten Markt seine T\u00fcren f\u00fcr zahlreiche interessierte Eltern und Kinder. Zuk\u00fcnftige Erst- und F\u00fcnftkl\u00e4ssler nutzten die Gelegenheit, ihre neue Schule kennenzulernen und erste Eindr\u00fccke zu sammeln.<\/p>\n\n\n\n<p>Rektor Dr. Christof Probst begr\u00fc\u00dfte die G\u00e4ste mit einer Er\u00f6ffnungsrede in beiden Parallelveranstaltungen \u2013 sowohl in der Alemannenhalle f\u00fcr die zuk\u00fcnftigen F\u00fcnftkl\u00e4ssler als auch in der Mensa f\u00fcr die angehenden Erstkl\u00e4ssler. Die Zuschauerreihen waren&nbsp;bis auf den letzten Platz gef\u00fcllt&nbsp;und das Interesse&nbsp;war&nbsp;gro\u00df.<\/p>\n\n\n\n<p>Ein besonderer Moment war der musikalische Beitrag der Bl\u00e4serklasse unter&nbsp;der&nbsp;Leitung von Christine Burkhart. Die Drittkl\u00e4ssler begeisterten das Publikum und sorgten f\u00fcr einen stimmungsvollen Auftakt. W\u00e4hrend die Eltern sich \u00fcber das Konzept der Gemeinschaftsschule informierten und das Schulhaus erkundeten, nahmen die Kinder an einer Schulrallye teil. Die k\u00fcnftigen Erstkl\u00e4ssler erlebten eine spannende Unterrichtshospitation und auch die kreativen Bastelangebote fanden gro\u00dfen Anklang.<\/p>\n\n\n\n<p>Bei Kaffee und Kuchen ergaben sich viele anregende Gespr\u00e4che zwischen Eltern und Lehrkr\u00e4ften. Der Tag der offenen T\u00fcr bot eine wertvolle Gelegenheit, die Schulgemeinschaft hautnah zu erleben \u2013 ein gelungener Nachmittag f\u00fcr alle Beteiligten.<\/p>","protected":false},"excerpt":{"rendered":"<p>Am Donnerstag \u00f6ffnete&nbsp;das Schulzentrum Stetten am kalten Markt seine T\u00fcren f\u00fcr zahlreiche interessierte Eltern und Kinder. Zuk\u00fcnftige Erst- und F\u00fcnftkl\u00e4ssler nutzten die Gelegenheit, ihre neue Schule kennenzulernen und erste Eindr\u00fccke &hellip; <\/p>","protected":false},"author":26,"featured_media":0,"comment_status":"closed","ping_status":"closed","sticky":false,"template":"","format":"standard","meta":{"footnotes":""},"categories":[1,20],"tags":[],"class_list":["post-7882","post","type-post","status-publish","format-standard","hentry","category-allgemein","category-veranstaltungen"],"_links":{"self":[{"href":"https:\/\/www.schulzentrum-stetten-akm.de\/ro\/wp-json\/wp\/v2\/posts\/7882","targetHints":{"allow":["GET"]}}],"collection":[{"href":"https:\/\/www.schulzentrum-stetten-akm.de\/ro\/wp-json\/wp\/v2\/posts"}],"about":[{"href":"https:\/\/www.schulzentrum-stetten-akm.de\/ro\/wp-json\/wp\/v2\/types\/post"}],"author":[{"embeddable":true,"href":"https:\/\/www.schulzentrum-stetten-akm.de\/ro\/wp-json\/wp\/v2\/users\/26"}],"replies":[{"embeddable":true,"href":"https:\/\/www.schulzentrum-stetten-akm.de\/ro\/wp-json\/wp\/v2\/comments?post=7882"}],"version-history":[{"count":2,"href":"https:\/\/www.schulzentrum-stetten-akm.de\/ro\/wp-json\/wp\/v2\/posts\/7882\/revisions"}],"predecessor-version":[{"id":7885,"href":"https:\/\/www.schulzentrum-stetten-akm.de\/ro\/wp-json\/wp\/v2\/posts\/7882\/revisions\/7885"}],"wp:attachment":[{"href":"https:\/\/www.schulzentrum-stetten-akm.de\/ro\/wp-json\/wp\/v2\/media?parent=7882"}],"wp:term":[{"taxonomy":"category","embeddable":true,"href":"https:\/\/www.schulzentrum-stetten-akm.de\/ro\/wp-json\/wp\/v2\/categories?post=7882"},{"taxonomy":"post_tag","embeddable":true,"href":"https:\/\/www.schulzentrum-stetten-akm.de\/ro\/wp-json\/wp\/v2\/tags?post=7882"}],"curies":[{"name":"wp","href":"https:\/\/api.w.org\/{rel}","templated":true}]}}