{"id":7598,"date":"2024-12-05T14:56:46","date_gmt":"2024-12-05T13:56:46","guid":{"rendered":"https:\/\/www.schulzentrum-stetten-akm.de\/?p=7598"},"modified":"2025-02-20T17:52:50","modified_gmt":"2025-02-20T16:52:50","slug":"weihnachtszauber-am-schulzentrum","status":"publish","type":"post","link":"https:\/\/www.schulzentrum-stetten-akm.de\/ro\/weihnachtszauber-am-schulzentrum\/","title":{"rendered":"Weihnachtszauber am Schulzentrum"},"content":{"rendered":"<p>Die M\u00e4dchen und Jungen der Ganztagsbetreuung der Klassen 1 bis 4 haben in den letzten Tagen gemeinsam mit ihren Betreuern Weihnachtsdekorationen gebastelt und so den Eingangsbereich des Schulzentrums in eine festliche Weihnachtswelt verwandelt. Die strahlenden Sterne, bunt geschm\u00fcckten Zweige und selbstgemachten Anh\u00e4nger sorgen f\u00fcr eine warme, einladende Atmosph\u00e4re und stimmen auf die bevorstehenden Feiertage ein.<\/p>\n\n\n\n<p>Ein herzliches Dankesch\u00f6n geht an Frau Giuli Flegler, die mit viel Liebe und Kreativit\u00e4t den Adventskranz sowie das festliche Bouquet gestaltet hat \u2013 eine wundersch\u00f6ne Bereicherung f\u00fcr die weihnachtliche Dekoration!<\/p>\n\n\n\n<figure class=\"wp-block-image size-full\"><img decoding=\"async\" src=\"https:\/\/www.schulzentrum-stetten-akm.de\/wp-content\/uploads\/2024\/12\/2024-12-05_Krippe_Deko.jpeg\" alt=\"\" class=\"wp-image-7601\"\/><\/figure>\n\n\n\n<figure class=\"wp-block-image size-full\"><img loading=\"lazy\" decoding=\"async\" width=\"1024\" height=\"768\" src=\"https:\/\/www.schulzentrum-stetten-akm.de\/wp-content\/uploads\/2024\/12\/2024-12-05_Gesteck_Wichtel.jpeg\" alt=\"\" class=\"wp-image-7600\" srcset=\"https:\/\/www.schulzentrum-stetten-akm.de\/wp-content\/uploads\/2024\/12\/2024-12-05_Gesteck_Wichtel.jpeg 1024w, https:\/\/www.schulzentrum-stetten-akm.de\/wp-content\/uploads\/2024\/12\/2024-12-05_Gesteck_Wichtel-300x225.jpeg 300w, https:\/\/www.schulzentrum-stetten-akm.de\/wp-content\/uploads\/2024\/12\/2024-12-05_Gesteck_Wichtel-768x576.jpeg 768w, https:\/\/www.schulzentrum-stetten-akm.de\/wp-content\/uploads\/2024\/12\/2024-12-05_Gesteck_Wichtel-16x12.jpeg 16w\" sizes=\"auto, (max-width: 1024px) 100vw, 1024px\" \/><\/figure>\n\n\n\n<figure class=\"wp-block-image size-full\"><img decoding=\"async\" src=\"https:\/\/www.schulzentrum-stetten-akm.de\/wp-content\/uploads\/2024\/12\/2024-12-05_Adventskranz-2.jpeg\" alt=\"\" class=\"wp-image-7606\"\/><\/figure>\n\n\n\n<p>Quelle: Text und Bilder von Manuela Keller<\/p>","protected":false},"excerpt":{"rendered":"<p>Die M\u00e4dchen und Jungen der Ganztagsbetreuung der Klassen 1 bis 4 haben in den letzten Tagen gemeinsam mit ihren Betreuern Weihnachtsdekorationen gebastelt und so den Eingangsbereich des Schulzentrums in eine &hellip; <\/p>","protected":false},"author":26,"featured_media":0,"comment_status":"closed","ping_status":"closed","sticky":false,"template":"","format":"standard","meta":{"footnotes":""},"categories":[1,22],"tags":[],"class_list":["post-7598","post","type-post","status-publish","format-standard","hentry","category-allgemein","category-schulalltag"],"_links":{"self":[{"href":"https:\/\/www.schulzentrum-stetten-akm.de\/ro\/wp-json\/wp\/v2\/posts\/7598","targetHints":{"allow":["GET"]}}],"collection":[{"href":"https:\/\/www.schulzentrum-stetten-akm.de\/ro\/wp-json\/wp\/v2\/posts"}],"about":[{"href":"https:\/\/www.schulzentrum-stetten-akm.de\/ro\/wp-json\/wp\/v2\/types\/post"}],"author":[{"embeddable":true,"href":"https:\/\/www.schulzentrum-stetten-akm.de\/ro\/wp-json\/wp\/v2\/users\/26"}],"replies":[{"embeddable":true,"href":"https:\/\/www.schulzentrum-stetten-akm.de\/ro\/wp-json\/wp\/v2\/comments?post=7598"}],"version-history":[{"count":5,"href":"https:\/\/www.schulzentrum-stetten-akm.de\/ro\/wp-json\/wp\/v2\/posts\/7598\/revisions"}],"predecessor-version":[{"id":7700,"href":"https:\/\/www.schulzentrum-stetten-akm.de\/ro\/wp-json\/wp\/v2\/posts\/7598\/revisions\/7700"}],"wp:attachment":[{"href":"https:\/\/www.schulzentrum-stetten-akm.de\/ro\/wp-json\/wp\/v2\/media?parent=7598"}],"wp:term":[{"taxonomy":"category","embeddable":true,"href":"https:\/\/www.schulzentrum-stetten-akm.de\/ro\/wp-json\/wp\/v2\/categories?post=7598"},{"taxonomy":"post_tag","embeddable":true,"href":"https:\/\/www.schulzentrum-stetten-akm.de\/ro\/wp-json\/wp\/v2\/tags?post=7598"}],"curies":[{"name":"wp","href":"https:\/\/api.w.org\/{rel}","templated":true}]}}