{"id":7088,"date":"2024-07-21T21:35:12","date_gmt":"2024-07-21T19:35:12","guid":{"rendered":"https:\/\/www.schulzentrum-stetten-akm.de\/?p=7088"},"modified":"2024-07-22T13:14:59","modified_gmt":"2024-07-22T11:14:59","slug":"impressionen-von-unserem-schulfest","status":"publish","type":"post","link":"https:\/\/www.schulzentrum-stetten-akm.de\/ro\/impressionen-von-unserem-schulfest\/","title":{"rendered":"Impressionen von unserem Schulfest"},"content":{"rendered":"<p>Am Freitag, dem 19.7., \u00f6ffneten sich den Besuchern die T\u00fcren des Schulzentrums Stetten zu einem bunten und fr\u00f6hlichen Schulfest, das mit einer Vielzahl von Attraktionen und Aktivit\u00e4ten aufwarten konnte. Projektgruppen und Lehrkr\u00e4fte hatten sich<br>m\u00e4chtig ins Zeug gelegt, um den G\u00e4sten unvergessliche Eindr\u00fccke f\u00fcr Augen, Ohren, Herz und Gaumen zu bescheren.<\/p>\n\n\n\n<figure class=\"wp-block-image size-large\"><img loading=\"lazy\" decoding=\"async\" width=\"1024\" height=\"872\" src=\"https:\/\/www.schulzentrum-stetten-akm.de\/wp-content\/uploads\/2024\/07\/neu-wegweiser-1024x872.jpeg\" alt=\"\" class=\"wp-image-7090\" srcset=\"https:\/\/www.schulzentrum-stetten-akm.de\/wp-content\/uploads\/2024\/07\/neu-wegweiser-1024x872.jpeg 1024w, https:\/\/www.schulzentrum-stetten-akm.de\/wp-content\/uploads\/2024\/07\/neu-wegweiser-300x256.jpeg 300w, https:\/\/www.schulzentrum-stetten-akm.de\/wp-content\/uploads\/2024\/07\/neu-wegweiser-768x654.jpeg 768w, https:\/\/www.schulzentrum-stetten-akm.de\/wp-content\/uploads\/2024\/07\/neu-wegweiser-1536x1308.jpeg 1536w, https:\/\/www.schulzentrum-stetten-akm.de\/wp-content\/uploads\/2024\/07\/neu-wegweiser-scaled.jpeg 2048w, https:\/\/www.schulzentrum-stetten-akm.de\/wp-content\/uploads\/2024\/07\/neu-wegweiser-14x12.jpeg 14w\" sizes=\"auto, (max-width: 1024px) 100vw, 1024px\" \/><figcaption class=\"wp-element-caption\">Liebe zum Detail: So findet jeder seinen Weg.<\/figcaption><\/figure>\n\n\n\n<figure class=\"wp-block-image size-large\"><img loading=\"lazy\" decoding=\"async\" width=\"1024\" height=\"706\" src=\"https:\/\/www.schulzentrum-stetten-akm.de\/wp-content\/uploads\/2024\/07\/Musical-1-1024x706.jpeg\" alt=\"\" class=\"wp-image-7104\" srcset=\"https:\/\/www.schulzentrum-stetten-akm.de\/wp-content\/uploads\/2024\/07\/Musical-1-1024x706.jpeg 1024w, https:\/\/www.schulzentrum-stetten-akm.de\/wp-content\/uploads\/2024\/07\/Musical-1-300x207.jpeg 300w, https:\/\/www.schulzentrum-stetten-akm.de\/wp-content\/uploads\/2024\/07\/Musical-1-768x529.jpeg 768w, https:\/\/www.schulzentrum-stetten-akm.de\/wp-content\/uploads\/2024\/07\/Musical-1-1536x1058.jpeg 1536w, https:\/\/www.schulzentrum-stetten-akm.de\/wp-content\/uploads\/2024\/07\/Musical-1-scaled.jpeg 2048w, https:\/\/www.schulzentrum-stetten-akm.de\/wp-content\/uploads\/2024\/07\/Musical-1-18x12.jpeg 18w\" sizes=\"auto, (max-width: 1024px) 100vw, 1024px\" \/><figcaption class=\"wp-element-caption\">Einst\u00fcndiges Highlight in der Turnhalle: Das Kinder-Musical &#8222;Eule findet den Beat&#8220;, einstudiert von Gayle Meintel. In der Hauptrolle als Eule: Emelie Wald, Lea Steidle, Marie M\u00e4gerle, Awen Nolle, Madina Abdullayeva, Matheo Keller, Emma Sauter<\/figcaption><\/figure>\n\n\n\n<figure class=\"wp-block-image size-large\"><img loading=\"lazy\" decoding=\"async\" width=\"1024\" height=\"656\" src=\"https:\/\/www.schulzentrum-stetten-akm.de\/wp-content\/uploads\/2024\/07\/musical-2-1024x656.jpeg\" alt=\"\" class=\"wp-image-7105\" srcset=\"https:\/\/www.schulzentrum-stetten-akm.de\/wp-content\/uploads\/2024\/07\/musical-2-1024x656.jpeg 1024w, https:\/\/www.schulzentrum-stetten-akm.de\/wp-content\/uploads\/2024\/07\/musical-2-300x192.jpeg 300w, https:\/\/www.schulzentrum-stetten-akm.de\/wp-content\/uploads\/2024\/07\/musical-2-768x492.jpeg 768w, https:\/\/www.schulzentrum-stetten-akm.de\/wp-content\/uploads\/2024\/07\/musical-2-1536x983.jpeg 1536w, https:\/\/www.schulzentrum-stetten-akm.de\/wp-content\/uploads\/2024\/07\/musical-2-scaled.jpeg 2048w, https:\/\/www.schulzentrum-stetten-akm.de\/wp-content\/uploads\/2024\/07\/musical-2-18x12.jpeg 18w\" sizes=\"auto, (max-width: 1024px) 100vw, 1024px\" \/><figcaption class=\"wp-element-caption\">Vollbesetzte R\u00e4nge beim Musical: Die Zuschauer erleben die musikalische Reise der Eule durch die verschiedenen Stilrichtungen von Klassik, Rock, Pop und Jazz.<\/figcaption><\/figure>\n\n\n\n<figure class=\"wp-block-image size-large\"><img loading=\"lazy\" decoding=\"async\" width=\"1024\" height=\"795\" src=\"https:\/\/www.schulzentrum-stetten-akm.de\/wp-content\/uploads\/2024\/07\/Blaeserklasse--1024x795.jpeg\" alt=\"\" class=\"wp-image-7103\" srcset=\"https:\/\/www.schulzentrum-stetten-akm.de\/wp-content\/uploads\/2024\/07\/Blaeserklasse--1024x795.jpeg 1024w, https:\/\/www.schulzentrum-stetten-akm.de\/wp-content\/uploads\/2024\/07\/Blaeserklasse--300x233.jpeg 300w, https:\/\/www.schulzentrum-stetten-akm.de\/wp-content\/uploads\/2024\/07\/Blaeserklasse--768x596.jpeg 768w, https:\/\/www.schulzentrum-stetten-akm.de\/wp-content\/uploads\/2024\/07\/Blaeserklasse--1536x1192.jpeg 1536w, https:\/\/www.schulzentrum-stetten-akm.de\/wp-content\/uploads\/2024\/07\/Blaeserklasse--scaled.jpeg 2048w, https:\/\/www.schulzentrum-stetten-akm.de\/wp-content\/uploads\/2024\/07\/Blaeserklasse--15x12.jpeg 15w\" sizes=\"auto, (max-width: 1024px) 100vw, 1024px\" \/><figcaption class=\"wp-element-caption\">Auftritt der Bl\u00e4serklasse mit Frau Burkhardt<\/figcaption><\/figure>\n\n\n\n<figure class=\"wp-block-image size-large\"><img loading=\"lazy\" decoding=\"async\" width=\"1024\" height=\"847\" src=\"https:\/\/www.schulzentrum-stetten-akm.de\/wp-content\/uploads\/2024\/07\/Buecherflohmarkt-1024x847.jpeg\" alt=\"\" class=\"wp-image-7093\" srcset=\"https:\/\/www.schulzentrum-stetten-akm.de\/wp-content\/uploads\/2024\/07\/Buecherflohmarkt-1024x847.jpeg 1024w, https:\/\/www.schulzentrum-stetten-akm.de\/wp-content\/uploads\/2024\/07\/Buecherflohmarkt-300x248.jpeg 300w, https:\/\/www.schulzentrum-stetten-akm.de\/wp-content\/uploads\/2024\/07\/Buecherflohmarkt-768x635.jpeg 768w, https:\/\/www.schulzentrum-stetten-akm.de\/wp-content\/uploads\/2024\/07\/Buecherflohmarkt-1536x1271.jpeg 1536w, https:\/\/www.schulzentrum-stetten-akm.de\/wp-content\/uploads\/2024\/07\/Buecherflohmarkt-scaled.jpeg 2048w, https:\/\/www.schulzentrum-stetten-akm.de\/wp-content\/uploads\/2024\/07\/Buecherflohmarkt-15x12.jpeg 15w\" sizes=\"auto, (max-width: 1024px) 100vw, 1024px\" \/><figcaption class=\"wp-element-caption\">Kistenweise Lesestoff beim B\u00fccherflohmarkt<\/figcaption><\/figure>\n\n\n\n<figure class=\"wp-block-image size-full is-resized\"><img loading=\"lazy\" decoding=\"async\" width=\"806\" height=\"384\" src=\"https:\/\/www.schulzentrum-stetten-akm.de\/wp-content\/uploads\/2024\/07\/Kino.jpg\" alt=\"\" class=\"wp-image-7096\" style=\"width:949px;height:auto\" srcset=\"https:\/\/www.schulzentrum-stetten-akm.de\/wp-content\/uploads\/2024\/07\/Kino.jpg 806w, https:\/\/www.schulzentrum-stetten-akm.de\/wp-content\/uploads\/2024\/07\/Kino-300x143.jpg 300w, https:\/\/www.schulzentrum-stetten-akm.de\/wp-content\/uploads\/2024\/07\/Kino-768x366.jpg 768w, https:\/\/www.schulzentrum-stetten-akm.de\/wp-content\/uploads\/2024\/07\/Kino-18x9.jpg 18w\" sizes=\"auto, (max-width: 806px) 100vw, 806px\" \/><figcaption class=\"wp-element-caption\">Im Kino gab`s Popcorn gratis zum Kurzfilm!<\/figcaption><\/figure>\n\n\n\n<p><\/p>\n\n\n\n<figure class=\"wp-block-video\"><video controls src=\"https:\/\/www.schulzentrum-stetten-akm.de\/wp-content\/uploads\/2024\/07\/Schulfest_2024_Schulzentrum.mp4\"><\/video><\/figure>\n\n\n\n<figure class=\"wp-block-image size-large\"><img loading=\"lazy\" decoding=\"async\" width=\"1024\" height=\"974\" src=\"https:\/\/www.schulzentrum-stetten-akm.de\/wp-content\/uploads\/2024\/07\/Foerderverein-1024x974.jpeg\" alt=\"\" class=\"wp-image-7092\" srcset=\"https:\/\/www.schulzentrum-stetten-akm.de\/wp-content\/uploads\/2024\/07\/Foerderverein-1024x974.jpeg 1024w, https:\/\/www.schulzentrum-stetten-akm.de\/wp-content\/uploads\/2024\/07\/Foerderverein-300x285.jpeg 300w, https:\/\/www.schulzentrum-stetten-akm.de\/wp-content\/uploads\/2024\/07\/Foerderverein-768x730.jpeg 768w, https:\/\/www.schulzentrum-stetten-akm.de\/wp-content\/uploads\/2024\/07\/Foerderverein-1536x1461.jpeg 1536w, https:\/\/www.schulzentrum-stetten-akm.de\/wp-content\/uploads\/2024\/07\/Foerderverein-scaled.jpeg 2048w, https:\/\/www.schulzentrum-stetten-akm.de\/wp-content\/uploads\/2024\/07\/Foerderverein-13x12.jpeg 13w\" sizes=\"auto, (max-width: 1024px) 100vw, 1024px\" \/><figcaption class=\"wp-element-caption\">Christiana Martin und Tanja Boos f\u00fcr den F\u00f6rderverein. Beim Luftballonwettbewerb konnte man ein Headset, Badkap- oder Kinogutscheine gewinnen.<\/figcaption><\/figure>\n\n\n\n<p><\/p>\n\n\n\n<figure class=\"wp-block-image size-large\"><img loading=\"lazy\" decoding=\"async\" width=\"1024\" height=\"668\" src=\"https:\/\/www.schulzentrum-stetten-akm.de\/wp-content\/uploads\/2024\/07\/Grillwuerstchen-neu-1024x668.jpeg\" alt=\"\" class=\"wp-image-7097\" srcset=\"https:\/\/www.schulzentrum-stetten-akm.de\/wp-content\/uploads\/2024\/07\/Grillwuerstchen-neu-1024x668.jpeg 1024w, https:\/\/www.schulzentrum-stetten-akm.de\/wp-content\/uploads\/2024\/07\/Grillwuerstchen-neu-300x196.jpeg 300w, https:\/\/www.schulzentrum-stetten-akm.de\/wp-content\/uploads\/2024\/07\/Grillwuerstchen-neu-768x501.jpeg 768w, https:\/\/www.schulzentrum-stetten-akm.de\/wp-content\/uploads\/2024\/07\/Grillwuerstchen-neu-1536x1002.jpeg 1536w, https:\/\/www.schulzentrum-stetten-akm.de\/wp-content\/uploads\/2024\/07\/Grillwuerstchen-neu-scaled.jpeg 2048w, https:\/\/www.schulzentrum-stetten-akm.de\/wp-content\/uploads\/2024\/07\/Grillwuerstchen-neu-18x12.jpeg 18w\" sizes=\"auto, (max-width: 1024px) 100vw, 1024px\" \/><figcaption class=\"wp-element-caption\">Sehr lecker: Bundeswehr und Elternschaft sorgen mit Pommes und roten Grillw\u00fcrstchen f\u00fcr das leibliche Wohl.<\/figcaption><\/figure>\n\n\n\n<figure class=\"wp-block-image size-large\"><img loading=\"lazy\" decoding=\"async\" width=\"1024\" height=\"682\" src=\"https:\/\/www.schulzentrum-stetten-akm.de\/wp-content\/uploads\/2024\/07\/Erbsensuppe-1024x682.jpeg\" alt=\"\" class=\"wp-image-7098\" srcset=\"https:\/\/www.schulzentrum-stetten-akm.de\/wp-content\/uploads\/2024\/07\/Erbsensuppe-1024x682.jpeg 1024w, https:\/\/www.schulzentrum-stetten-akm.de\/wp-content\/uploads\/2024\/07\/Erbsensuppe-300x200.jpeg 300w, https:\/\/www.schulzentrum-stetten-akm.de\/wp-content\/uploads\/2024\/07\/Erbsensuppe-768x511.jpeg 768w, https:\/\/www.schulzentrum-stetten-akm.de\/wp-content\/uploads\/2024\/07\/Erbsensuppe-1536x1023.jpeg 1536w, https:\/\/www.schulzentrum-stetten-akm.de\/wp-content\/uploads\/2024\/07\/Erbsensuppe-scaled.jpeg 2048w, https:\/\/www.schulzentrum-stetten-akm.de\/wp-content\/uploads\/2024\/07\/Erbsensuppe-18x12.jpeg 18w, https:\/\/www.schulzentrum-stetten-akm.de\/wp-content\/uploads\/2024\/07\/Erbsensuppe-700x465.jpeg 700w\" sizes=\"auto, (max-width: 1024px) 100vw, 1024px\" \/><figcaption class=\"wp-element-caption\">Lieber etwas anderes? Dr. Probst am Stand von Erbsensuppe und s\u00fc\u00dfen Waffeln.<\/figcaption><\/figure>\n\n\n\n<figure class=\"wp-block-image size-large\"><img loading=\"lazy\" decoding=\"async\" width=\"1024\" height=\"776\" src=\"https:\/\/www.schulzentrum-stetten-akm.de\/wp-content\/uploads\/2024\/07\/Cocktails-1024x776.jpeg\" alt=\"\" class=\"wp-image-7099\" srcset=\"https:\/\/www.schulzentrum-stetten-akm.de\/wp-content\/uploads\/2024\/07\/Cocktails-1024x776.jpeg 1024w, https:\/\/www.schulzentrum-stetten-akm.de\/wp-content\/uploads\/2024\/07\/Cocktails-300x227.jpeg 300w, https:\/\/www.schulzentrum-stetten-akm.de\/wp-content\/uploads\/2024\/07\/Cocktails-768x582.jpeg 768w, https:\/\/www.schulzentrum-stetten-akm.de\/wp-content\/uploads\/2024\/07\/Cocktails-1536x1164.jpeg 1536w, https:\/\/www.schulzentrum-stetten-akm.de\/wp-content\/uploads\/2024\/07\/Cocktails-scaled.jpeg 2048w, https:\/\/www.schulzentrum-stetten-akm.de\/wp-content\/uploads\/2024\/07\/Cocktails-16x12.jpeg 16w\" sizes=\"auto, (max-width: 1024px) 100vw, 1024px\" \/><figcaption class=\"wp-element-caption\">Erfrischendes Angebot: Nic, Jaron, Ida und Lenja an der Cocktail-Bar<\/figcaption><\/figure>\n\n\n\n<p><\/p>","protected":false},"excerpt":{"rendered":"<p>Am Freitag, dem 19.7., \u00f6ffneten sich den Besuchern die T\u00fcren des Schulzentrums Stetten zu einem bunten und fr\u00f6hlichen Schulfest, das mit einer Vielzahl von Attraktionen und Aktivit\u00e4ten aufwarten konnte. Projektgruppen &hellip; <\/p>","protected":false},"author":1,"featured_media":7089,"comment_status":"closed","ping_status":"closed","sticky":false,"template":"","format":"standard","meta":{"footnotes":""},"categories":[20],"tags":[],"class_list":["post-7088","post","type-post","status-publish","format-standard","has-post-thumbnail","hentry","category-veranstaltungen"],"_links":{"self":[{"href":"https:\/\/www.schulzentrum-stetten-akm.de\/ro\/wp-json\/wp\/v2\/posts\/7088","targetHints":{"allow":["GET"]}}],"collection":[{"href":"https:\/\/www.schulzentrum-stetten-akm.de\/ro\/wp-json\/wp\/v2\/posts"}],"about":[{"href":"https:\/\/www.schulzentrum-stetten-akm.de\/ro\/wp-json\/wp\/v2\/types\/post"}],"author":[{"embeddable":true,"href":"https:\/\/www.schulzentrum-stetten-akm.de\/ro\/wp-json\/wp\/v2\/users\/1"}],"replies":[{"embeddable":true,"href":"https:\/\/www.schulzentrum-stetten-akm.de\/ro\/wp-json\/wp\/v2\/comments?post=7088"}],"version-history":[{"count":4,"href":"https:\/\/www.schulzentrum-stetten-akm.de\/ro\/wp-json\/wp\/v2\/posts\/7088\/revisions"}],"predecessor-version":[{"id":7136,"href":"https:\/\/www.schulzentrum-stetten-akm.de\/ro\/wp-json\/wp\/v2\/posts\/7088\/revisions\/7136"}],"wp:featuredmedia":[{"embeddable":true,"href":"https:\/\/www.schulzentrum-stetten-akm.de\/ro\/wp-json\/wp\/v2\/media\/7089"}],"wp:attachment":[{"href":"https:\/\/www.schulzentrum-stetten-akm.de\/ro\/wp-json\/wp\/v2\/media?parent=7088"}],"wp:term":[{"taxonomy":"category","embeddable":true,"href":"https:\/\/www.schulzentrum-stetten-akm.de\/ro\/wp-json\/wp\/v2\/categories?post=7088"},{"taxonomy":"post_tag","embeddable":true,"href":"https:\/\/www.schulzentrum-stetten-akm.de\/ro\/wp-json\/wp\/v2\/tags?post=7088"}],"curies":[{"name":"wp","href":"https:\/\/api.w.org\/{rel}","templated":true}]}}