{"id":7055,"date":"2024-07-21T18:32:01","date_gmt":"2024-07-21T16:32:01","guid":{"rendered":"https:\/\/www.schulzentrum-stetten-akm.de\/?p=7055"},"modified":"2024-07-24T22:24:02","modified_gmt":"2024-07-24T20:24:02","slug":"segeltoern-bienenhonig-und-growth-mindset-projekttage-2024","status":"publish","type":"post","link":"https:\/\/www.schulzentrum-stetten-akm.de\/ro\/segeltoern-bienenhonig-und-growth-mindset-projekttage-2024\/","title":{"rendered":"Segelt\u00f6rn, Bienenhonig und Growth Mindset: Projekttage 2024"},"content":{"rendered":"<p>Zum Abschluss des Schuljahres fanden am Schulzentrum Stetten wieder die Projekttage statt. Aus einer F\u00fclle von Angeboten konnten die Sch\u00fclerinnen und Sch\u00fcler ihr Interessensgebiet w\u00e4hlen und sich gestalterisch erproben oder Exkursionen in Natur und Umwelt unternehmen. Vergangenen Freitag, dem 19.7., wurden die aus den Projekten entstandenen Produkte oder Ergebnisse im Rahmen des Schulfestes pr\u00e4sentiert. Wir stellen euch unsere Projekte hier in einer Fotostrecke vor: <br><br><strong>GRUNDSCHULE<\/strong><\/p>\n\n\n\n<figure class=\"wp-block-image size-large\"><img loading=\"lazy\" decoding=\"async\" width=\"1024\" height=\"576\" src=\"https:\/\/www.schulzentrum-stetten-akm.de\/wp-content\/uploads\/2024\/07\/Buegelbild-1024x576.jpg\" alt=\"\" class=\"wp-image-7056\" srcset=\"https:\/\/www.schulzentrum-stetten-akm.de\/wp-content\/uploads\/2024\/07\/Buegelbild-1024x576.jpg 1024w, https:\/\/www.schulzentrum-stetten-akm.de\/wp-content\/uploads\/2024\/07\/Buegelbild-300x169.jpg 300w, https:\/\/www.schulzentrum-stetten-akm.de\/wp-content\/uploads\/2024\/07\/Buegelbild-768x432.jpg 768w, https:\/\/www.schulzentrum-stetten-akm.de\/wp-content\/uploads\/2024\/07\/Buegelbild-1536x864.jpg 1536w, https:\/\/www.schulzentrum-stetten-akm.de\/wp-content\/uploads\/2024\/07\/Buegelbild-18x10.jpg 18w, https:\/\/www.schulzentrum-stetten-akm.de\/wp-content\/uploads\/2024\/07\/Buegelbild.jpg 1920w\" sizes=\"auto, (max-width: 1024px) 100vw, 1024px\" \/><\/figure>\n\n\n\n<p>Sarah Hinger gestaltete mit ihrer Klasse aus B\u00fcgelperlen Untersetzer und Deckel f\u00fcr Gl\u00e4ser, Schl\u00fcsselanh\u00e4nger und Magnete.<\/p>\n\n\n\n<figure class=\"wp-block-image size-large\"><img loading=\"lazy\" decoding=\"async\" width=\"768\" height=\"1024\" src=\"https:\/\/www.schulzentrum-stetten-akm.de\/wp-content\/uploads\/2024\/07\/Gips-768x1024.jpg\" alt=\"\" class=\"wp-image-7057\" srcset=\"https:\/\/www.schulzentrum-stetten-akm.de\/wp-content\/uploads\/2024\/07\/Gips-768x1024.jpg 768w, https:\/\/www.schulzentrum-stetten-akm.de\/wp-content\/uploads\/2024\/07\/Gips-225x300.jpg 225w, https:\/\/www.schulzentrum-stetten-akm.de\/wp-content\/uploads\/2024\/07\/Gips-1152x1536.jpg 1152w, https:\/\/www.schulzentrum-stetten-akm.de\/wp-content\/uploads\/2024\/07\/Gips-9x12.jpg 9w, https:\/\/www.schulzentrum-stetten-akm.de\/wp-content\/uploads\/2024\/07\/Gips.jpg 1440w\" sizes=\"auto, (max-width: 768px) 100vw, 768px\" \/><\/figure>\n\n\n\n<p>Bei Jana Lorchs Projekt &#8222;Basteln mit Gips&#8220; wurden Tiere und Figuren zun\u00e4chst aus Styropor und Bechern vorgeformt, bevor sie mit Gipsst\u00fccken und Gibsbinden modelliert wurden. Anschlie\u00dfend konnte man sein Artefakt bemalen.<\/p>\n\n\n\n<figure class=\"wp-block-image size-large\"><img loading=\"lazy\" decoding=\"async\" width=\"1024\" height=\"769\" src=\"https:\/\/www.schulzentrum-stetten-akm.de\/wp-content\/uploads\/2024\/07\/Book-Creator-1024x769.jpg\" alt=\"\" class=\"wp-image-7058\" srcset=\"https:\/\/www.schulzentrum-stetten-akm.de\/wp-content\/uploads\/2024\/07\/Book-Creator-1024x769.jpg 1024w, https:\/\/www.schulzentrum-stetten-akm.de\/wp-content\/uploads\/2024\/07\/Book-Creator-300x225.jpg 300w, https:\/\/www.schulzentrum-stetten-akm.de\/wp-content\/uploads\/2024\/07\/Book-Creator-768x576.jpg 768w, https:\/\/www.schulzentrum-stetten-akm.de\/wp-content\/uploads\/2024\/07\/Book-Creator-1536x1153.jpg 1536w, https:\/\/www.schulzentrum-stetten-akm.de\/wp-content\/uploads\/2024\/07\/Book-Creator-16x12.jpg 16w, https:\/\/www.schulzentrum-stetten-akm.de\/wp-content\/uploads\/2024\/07\/Book-Creator.jpg 1920w\" sizes=\"auto, (max-width: 1024px) 100vw, 1024px\" \/><\/figure>\n\n\n\n<p>Zusammen mit ihren Lehrkr\u00e4ften Yasemin Karacan und Annika L\u00f6ffler haben die Dritt- und F\u00fcnftkl\u00e4ssler ein Story Book mit dem Book Creator am Ipad erstellt. Die ausgedruckten <em>books <\/em>lagen am Schulfest zum Betrachten aus.<\/p>\n\n\n\n<figure class=\"wp-block-image size-large\"><img loading=\"lazy\" decoding=\"async\" width=\"1024\" height=\"768\" src=\"https:\/\/www.schulzentrum-stetten-akm.de\/wp-content\/uploads\/2024\/07\/Maerklin-1024x768.jpg\" alt=\"\" class=\"wp-image-7059\" srcset=\"https:\/\/www.schulzentrum-stetten-akm.de\/wp-content\/uploads\/2024\/07\/Maerklin-1024x768.jpg 1024w, https:\/\/www.schulzentrum-stetten-akm.de\/wp-content\/uploads\/2024\/07\/Maerklin-300x225.jpg 300w, https:\/\/www.schulzentrum-stetten-akm.de\/wp-content\/uploads\/2024\/07\/Maerklin-768x576.jpg 768w, https:\/\/www.schulzentrum-stetten-akm.de\/wp-content\/uploads\/2024\/07\/Maerklin-1536x1152.jpg 1536w, https:\/\/www.schulzentrum-stetten-akm.de\/wp-content\/uploads\/2024\/07\/Maerklin-16x12.jpg 16w, https:\/\/www.schulzentrum-stetten-akm.de\/wp-content\/uploads\/2024\/07\/Maerklin.jpg 1920w\" sizes=\"auto, (max-width: 1024px) 100vw, 1024px\" \/><\/figure>\n\n\n\n<p>Beim &#8222;Konstruieren mit M\u00e4rklin Metall&#8220; haben die Kleinen in Begleitung von Kathrin Sch\u00f6llhorn und Dorothea Asal Fahrzeuge, Arbeits- und Baumaschinen und Alltagsgegenst\u00e4nden gefertigt &#8211; und nebenbei auch den Umgang mit Geduld und Frustration beim diffizilen Handwerken gelernt&#8230;<\/p>\n\n\n\n<figure class=\"wp-block-image size-large\"><img loading=\"lazy\" decoding=\"async\" width=\"1024\" height=\"768\" src=\"https:\/\/www.schulzentrum-stetten-akm.de\/wp-content\/uploads\/2024\/07\/Schmeietal-1-1024x768.jpg\" alt=\"\" class=\"wp-image-7060\" srcset=\"https:\/\/www.schulzentrum-stetten-akm.de\/wp-content\/uploads\/2024\/07\/Schmeietal-1-1024x768.jpg 1024w, https:\/\/www.schulzentrum-stetten-akm.de\/wp-content\/uploads\/2024\/07\/Schmeietal-1-300x225.jpg 300w, https:\/\/www.schulzentrum-stetten-akm.de\/wp-content\/uploads\/2024\/07\/Schmeietal-1-768x576.jpg 768w, https:\/\/www.schulzentrum-stetten-akm.de\/wp-content\/uploads\/2024\/07\/Schmeietal-1-16x12.jpg 16w, https:\/\/www.schulzentrum-stetten-akm.de\/wp-content\/uploads\/2024\/07\/Schmeietal-1.jpg 1080w\" sizes=\"auto, (max-width: 1024px) 100vw, 1024px\" \/><\/figure>\n\n\n\n<p>Franziska Ritter und Moritz Gess unternahmen mit ihrer Gruppe eine Expedition ins Schmeiental, bei der die jungen Forscher einigen Fragen nachgingen, wie z. B. der Beschaffenheit eines Biberbaus, wo Quartiere von Flederm\u00e4usen zu finden sind oder wie bereits 1842 Trinkwasser ohne Strom \u00fcber 150 H\u00f6henmeter nach Frohnstetten gepumpt wurde.<\/p>\n\n\n\n<figure class=\"wp-block-image size-large\"><img loading=\"lazy\" decoding=\"async\" width=\"1024\" height=\"768\" src=\"https:\/\/www.schulzentrum-stetten-akm.de\/wp-content\/uploads\/2024\/07\/Kreativwerkstatt-1024x768.jpg\" alt=\"\" class=\"wp-image-7061\" srcset=\"https:\/\/www.schulzentrum-stetten-akm.de\/wp-content\/uploads\/2024\/07\/Kreativwerkstatt-1024x768.jpg 1024w, https:\/\/www.schulzentrum-stetten-akm.de\/wp-content\/uploads\/2024\/07\/Kreativwerkstatt-300x225.jpg 300w, https:\/\/www.schulzentrum-stetten-akm.de\/wp-content\/uploads\/2024\/07\/Kreativwerkstatt-768x576.jpg 768w, https:\/\/www.schulzentrum-stetten-akm.de\/wp-content\/uploads\/2024\/07\/Kreativwerkstatt-1536x1152.jpg 1536w, https:\/\/www.schulzentrum-stetten-akm.de\/wp-content\/uploads\/2024\/07\/Kreativwerkstatt-16x12.jpg 16w, https:\/\/www.schulzentrum-stetten-akm.de\/wp-content\/uploads\/2024\/07\/Kreativwerkstatt.jpg 1920w\" sizes=\"auto, (max-width: 1024px) 100vw, 1024px\" \/><\/figure>\n\n\n\n<p>In der &#8222;Kreativwerkstatt&#8220; von Nicole Gast entstanden au\u00dfergew\u00f6hnliche und einzigartige Schmuckst\u00fccke, die am Schulfest ausgestellt wurden.<\/p>\n\n\n\n<figure class=\"wp-block-image size-large\"><img loading=\"lazy\" decoding=\"async\" width=\"1024\" height=\"768\" src=\"https:\/\/www.schulzentrum-stetten-akm.de\/wp-content\/uploads\/2024\/07\/Brause-1024x768.jpg\" alt=\"\" class=\"wp-image-7062\" srcset=\"https:\/\/www.schulzentrum-stetten-akm.de\/wp-content\/uploads\/2024\/07\/Brause-1024x768.jpg 1024w, https:\/\/www.schulzentrum-stetten-akm.de\/wp-content\/uploads\/2024\/07\/Brause-300x225.jpg 300w, https:\/\/www.schulzentrum-stetten-akm.de\/wp-content\/uploads\/2024\/07\/Brause-768x576.jpg 768w, https:\/\/www.schulzentrum-stetten-akm.de\/wp-content\/uploads\/2024\/07\/Brause-16x12.jpg 16w, https:\/\/www.schulzentrum-stetten-akm.de\/wp-content\/uploads\/2024\/07\/Brause.jpg 1080w\" sizes=\"auto, (max-width: 1024px) 100vw, 1024px\" \/><\/figure>\n\n\n\n<p>Bei Anke Staniszewski konnte man Brause mit Natron, Zitronensaft, Wackelpuddingpulver und Zucker einmal selbst herstellen. Das entstehende Gas wurde im Luftballon aufgefangen.<\/p>\n\n\n\n<p><strong>SEKUNDARSTUFE<\/strong><\/p>\n\n\n\n<figure class=\"wp-block-image size-large\"><img loading=\"lazy\" decoding=\"async\" width=\"1024\" height=\"768\" src=\"https:\/\/www.schulzentrum-stetten-akm.de\/wp-content\/uploads\/2024\/07\/Wassersport-1024x768.jpg\" alt=\"\" class=\"wp-image-7065\" srcset=\"https:\/\/www.schulzentrum-stetten-akm.de\/wp-content\/uploads\/2024\/07\/Wassersport-1024x768.jpg 1024w, https:\/\/www.schulzentrum-stetten-akm.de\/wp-content\/uploads\/2024\/07\/Wassersport-300x225.jpg 300w, https:\/\/www.schulzentrum-stetten-akm.de\/wp-content\/uploads\/2024\/07\/Wassersport-768x576.jpg 768w, https:\/\/www.schulzentrum-stetten-akm.de\/wp-content\/uploads\/2024\/07\/Wassersport-1536x1152.jpg 1536w, https:\/\/www.schulzentrum-stetten-akm.de\/wp-content\/uploads\/2024\/07\/Wassersport-16x12.jpg 16w, https:\/\/www.schulzentrum-stetten-akm.de\/wp-content\/uploads\/2024\/07\/Wassersport.jpg 1920w\" sizes=\"auto, (max-width: 1024px) 100vw, 1024px\" \/><\/figure>\n\n\n\n<p>Urlaubsfeeling: Armin Hotz nahm seine Projektgruppe mit zu einer Segel- und Wassersporttour.<\/p>\n\n\n\n<figure class=\"wp-block-image size-large\"><img loading=\"lazy\" decoding=\"async\" width=\"768\" height=\"1024\" src=\"https:\/\/www.schulzentrum-stetten-akm.de\/wp-content\/uploads\/2024\/07\/Radsport-768x1024.jpeg\" alt=\"\" class=\"wp-image-7066\" srcset=\"https:\/\/www.schulzentrum-stetten-akm.de\/wp-content\/uploads\/2024\/07\/Radsport-768x1024.jpeg 768w, https:\/\/www.schulzentrum-stetten-akm.de\/wp-content\/uploads\/2024\/07\/Radsport-225x300.jpeg 225w, https:\/\/www.schulzentrum-stetten-akm.de\/wp-content\/uploads\/2024\/07\/Radsport-1152x1536.jpeg 1152w, https:\/\/www.schulzentrum-stetten-akm.de\/wp-content\/uploads\/2024\/07\/Radsport-9x12.jpeg 9w, https:\/\/www.schulzentrum-stetten-akm.de\/wp-content\/uploads\/2024\/07\/Radsport.jpeg 1536w\" sizes=\"auto, (max-width: 768px) 100vw, 768px\" \/><\/figure>\n\n\n\n<p>Radsport: Die Gruppe von Marco Heller bew\u00e4ltige am ersten Tag 750 H\u00f6henmeter auf 40 Kilometern, am zweiten Tag 520 H\u00f6henmeter auf 25 Kilometern. Lernpartner Simon Martin aus der 8.1 hatte besonders bei den Spr\u00fcngen gro\u00dfes Vergn\u00fcgen: &#8222;Ich fand das gut, es geht viel bergab und berghoch, hat Spa\u00df gemacht!&#8220;<\/p>\n\n\n\n<figure class=\"wp-block-image size-large is-resized\"><img loading=\"lazy\" decoding=\"async\" width=\"1024\" height=\"644\" src=\"https:\/\/www.schulzentrum-stetten-akm.de\/wp-content\/uploads\/2024\/07\/Volleyball-1024x644.jpeg\" alt=\"\" class=\"wp-image-7067\" style=\"width:949px;height:auto\" srcset=\"https:\/\/www.schulzentrum-stetten-akm.de\/wp-content\/uploads\/2024\/07\/Volleyball-1024x644.jpeg 1024w, https:\/\/www.schulzentrum-stetten-akm.de\/wp-content\/uploads\/2024\/07\/Volleyball-300x189.jpeg 300w, https:\/\/www.schulzentrum-stetten-akm.de\/wp-content\/uploads\/2024\/07\/Volleyball-768x483.jpeg 768w, https:\/\/www.schulzentrum-stetten-akm.de\/wp-content\/uploads\/2024\/07\/Volleyball-1536x966.jpeg 1536w, https:\/\/www.schulzentrum-stetten-akm.de\/wp-content\/uploads\/2024\/07\/Volleyball-scaled.jpeg 2048w, https:\/\/www.schulzentrum-stetten-akm.de\/wp-content\/uploads\/2024\/07\/Volleyball-18x12.jpeg 18w\" sizes=\"auto, (max-width: 1024px) 100vw, 1024px\" \/><\/figure>\n\n\n\n<p>Herr Sim und Frau Baldischwiler trainierten ihre Mannschaften in Volleyball.<\/p>\n\n\n\n<figure class=\"wp-block-image size-large\"><img loading=\"lazy\" decoding=\"async\" width=\"1024\" height=\"768\" src=\"https:\/\/www.schulzentrum-stetten-akm.de\/wp-content\/uploads\/2024\/07\/Modern-Dance-1024x768.jpeg\" alt=\"\" class=\"wp-image-7068\" srcset=\"https:\/\/www.schulzentrum-stetten-akm.de\/wp-content\/uploads\/2024\/07\/Modern-Dance-1024x768.jpeg 1024w, https:\/\/www.schulzentrum-stetten-akm.de\/wp-content\/uploads\/2024\/07\/Modern-Dance-300x225.jpeg 300w, https:\/\/www.schulzentrum-stetten-akm.de\/wp-content\/uploads\/2024\/07\/Modern-Dance-768x576.jpeg 768w, https:\/\/www.schulzentrum-stetten-akm.de\/wp-content\/uploads\/2024\/07\/Modern-Dance-1536x1152.jpeg 1536w, https:\/\/www.schulzentrum-stetten-akm.de\/wp-content\/uploads\/2024\/07\/Modern-Dance-scaled.jpeg 2048w, https:\/\/www.schulzentrum-stetten-akm.de\/wp-content\/uploads\/2024\/07\/Modern-Dance-16x12.jpeg 16w\" sizes=\"auto, (max-width: 1024px) 100vw, 1024px\" \/><\/figure>\n\n\n\n<p>Akrobatik: Die Gruppe &#8222;Modern Dance&#8220; von Maria Kosa \u00fcberzeugte am Schulfest mit ihrer beeindruckenden Performance nach zwei Trainingstagen Projektzeit (<em>s. auch Titelbild<\/em>). <\/p>\n\n\n\n<figure class=\"wp-block-image size-large\"><img loading=\"lazy\" decoding=\"async\" width=\"1024\" height=\"840\" src=\"https:\/\/www.schulzentrum-stetten-akm.de\/wp-content\/uploads\/2024\/07\/Kelten-1024x840.jpeg\" alt=\"\" class=\"wp-image-7069\" srcset=\"https:\/\/www.schulzentrum-stetten-akm.de\/wp-content\/uploads\/2024\/07\/Kelten-1024x840.jpeg 1024w, https:\/\/www.schulzentrum-stetten-akm.de\/wp-content\/uploads\/2024\/07\/Kelten-300x246.jpeg 300w, https:\/\/www.schulzentrum-stetten-akm.de\/wp-content\/uploads\/2024\/07\/Kelten-768x630.jpeg 768w, https:\/\/www.schulzentrum-stetten-akm.de\/wp-content\/uploads\/2024\/07\/Kelten-1536x1260.jpeg 1536w, https:\/\/www.schulzentrum-stetten-akm.de\/wp-content\/uploads\/2024\/07\/Kelten-scaled.jpeg 2048w, https:\/\/www.schulzentrum-stetten-akm.de\/wp-content\/uploads\/2024\/07\/Kelten-15x12.jpeg 15w\" sizes=\"auto, (max-width: 1024px) 100vw, 1024px\" \/><\/figure>\n\n\n\n<p>Die Projektgruppe &#8222;Kelten auf der schw\u00e4bischen Alb&#8220; von Conny Gruber hat nach einer Exkursion zur Heuneburg in kleinen Schauk\u00e4sten H\u00e4user, Gr\u00e4ber, Schmuck und Kleidung der Kelten nachgebastelt und auf dem Schulfest ausgestellt. Zoe Tritasco aus Lerngruppe 6.1 sagte, &#8222;dass es am sch\u00f6nsten war, dass wir alles selbst frei gestalten durften&#8220;. Katharina Fetter, ebenfalls 6.2, hat dadurch jetzt &#8222;herausgefunden, was das ist &#8211; Kelte sein&#8220;. <\/p>\n\n\n\n<figure class=\"wp-block-image size-large\"><img loading=\"lazy\" decoding=\"async\" width=\"1024\" height=\"771\" src=\"https:\/\/www.schulzentrum-stetten-akm.de\/wp-content\/uploads\/2024\/07\/Bienen-1024x771.jpeg\" alt=\"\" class=\"wp-image-7070\" srcset=\"https:\/\/www.schulzentrum-stetten-akm.de\/wp-content\/uploads\/2024\/07\/Bienen-1024x771.jpeg 1024w, https:\/\/www.schulzentrum-stetten-akm.de\/wp-content\/uploads\/2024\/07\/Bienen-300x226.jpeg 300w, https:\/\/www.schulzentrum-stetten-akm.de\/wp-content\/uploads\/2024\/07\/Bienen-768x578.jpeg 768w, https:\/\/www.schulzentrum-stetten-akm.de\/wp-content\/uploads\/2024\/07\/Bienen-1536x1157.jpeg 1536w, https:\/\/www.schulzentrum-stetten-akm.de\/wp-content\/uploads\/2024\/07\/Bienen-16x12.jpeg 16w, https:\/\/www.schulzentrum-stetten-akm.de\/wp-content\/uploads\/2024\/07\/Bienen.jpeg 2040w\" sizes=\"auto, (max-width: 1024px) 100vw, 1024px\" \/><\/figure>\n\n\n\n<p>&#8222;Rund um die Biene&#8220; hie\u00df es bei Sonja Unger und J\u00f6rg Mahler. Gemeinsam besuchte die Gruppe den Sigmaringer Bienensachverst\u00e4ndigen und Imker Wilfried Riester, bei dem man alles \u00fcber Bienen erfahren und vom leckeren Honigt\u00f6pfchen schlecken durfte, bevor in der Schule aus Naturmaterialien Bienenhotels entstanden, die der drastisch zur\u00fcckgegangenen Art helfen, sich selbst zu erhalten.<\/p>\n\n\n\n<figure class=\"wp-block-image size-large is-resized\"><img loading=\"lazy\" decoding=\"async\" width=\"1024\" height=\"720\" src=\"https:\/\/www.schulzentrum-stetten-akm.de\/wp-content\/uploads\/2024\/07\/Spielestrasseneu-1024x720.jpeg\" alt=\"\" class=\"wp-image-7071\" style=\"width:940px;height:auto\" srcset=\"https:\/\/www.schulzentrum-stetten-akm.de\/wp-content\/uploads\/2024\/07\/Spielestrasseneu-1024x720.jpeg 1024w, https:\/\/www.schulzentrum-stetten-akm.de\/wp-content\/uploads\/2024\/07\/Spielestrasseneu-300x211.jpeg 300w, https:\/\/www.schulzentrum-stetten-akm.de\/wp-content\/uploads\/2024\/07\/Spielestrasseneu-768x540.jpeg 768w, https:\/\/www.schulzentrum-stetten-akm.de\/wp-content\/uploads\/2024\/07\/Spielestrasseneu-1536x1080.jpeg 1536w, https:\/\/www.schulzentrum-stetten-akm.de\/wp-content\/uploads\/2024\/07\/Spielestrasseneu-scaled.jpeg 2048w, https:\/\/www.schulzentrum-stetten-akm.de\/wp-content\/uploads\/2024\/07\/Spielestrasseneu-18x12.jpeg 18w, https:\/\/www.schulzentrum-stetten-akm.de\/wp-content\/uploads\/2024\/07\/Spielestrasseneu-120x85.jpeg 120w\" sizes=\"auto, (max-width: 1024px) 100vw, 1024px\" \/><\/figure>\n\n\n\n<p>Slackline, Bobby-Car-Rennen, Balancieren und vieles mehr: Die &#8222;Spielestra\u00dfe&#8220; entstand zur Belustigung der kleinsten G\u00e4ste am Schulfest. Zusammen mit Katja Unterstenh\u00f6fer und Julia Wolf haben \u00fcber 30 Lernpartnerinnen und Lernpartner aus den Lerngruppen 5 bis 9 sorgf\u00e4ltig ausgew\u00e4hlt, welche Spiele sich eignen, um gute Laune zu garantieren.<\/p>\n\n\n\n<figure class=\"wp-block-image size-large is-resized\"><img loading=\"lazy\" decoding=\"async\" width=\"1024\" height=\"768\" src=\"https:\/\/www.schulzentrum-stetten-akm.de\/wp-content\/uploads\/2024\/07\/Growth-Mindset-1024x768.jpg\" alt=\"\" class=\"wp-image-7076\" style=\"width:949px;height:auto\" srcset=\"https:\/\/www.schulzentrum-stetten-akm.de\/wp-content\/uploads\/2024\/07\/Growth-Mindset-1024x768.jpg 1024w, https:\/\/www.schulzentrum-stetten-akm.de\/wp-content\/uploads\/2024\/07\/Growth-Mindset-300x225.jpg 300w, https:\/\/www.schulzentrum-stetten-akm.de\/wp-content\/uploads\/2024\/07\/Growth-Mindset-768x576.jpg 768w, https:\/\/www.schulzentrum-stetten-akm.de\/wp-content\/uploads\/2024\/07\/Growth-Mindset-16x12.jpg 16w, https:\/\/www.schulzentrum-stetten-akm.de\/wp-content\/uploads\/2024\/07\/Growth-Mindset.jpg 1080w\" sizes=\"auto, (max-width: 1024px) 100vw, 1024px\" \/><\/figure>\n\n\n\n<p>Bei dem Projekt &#8222;Growth Mindset&#8220; von B\u00e9atrice Boos konnte man mit abwaschbaren Kreidemalstiften Sinn-Spr\u00fcche als Fensterbild darstellen, die bei einer motivierenden &#8222;beweglichen Denkweise&#8220; helfen k\u00f6nnen. Auf dem Foto zeichnet die Lernpartnerin einen Spruch zum Thema &#8222;Herausforderungen angehen&#8220;.<\/p>\n\n\n\n<figure class=\"wp-block-image size-large\"><img loading=\"lazy\" decoding=\"async\" width=\"1024\" height=\"773\" src=\"https:\/\/www.schulzentrum-stetten-akm.de\/wp-content\/uploads\/2024\/07\/Lego-Stadt-1024x773.jpeg\" alt=\"\" class=\"wp-image-7072\" srcset=\"https:\/\/www.schulzentrum-stetten-akm.de\/wp-content\/uploads\/2024\/07\/Lego-Stadt-1024x773.jpeg 1024w, https:\/\/www.schulzentrum-stetten-akm.de\/wp-content\/uploads\/2024\/07\/Lego-Stadt-300x227.jpeg 300w, https:\/\/www.schulzentrum-stetten-akm.de\/wp-content\/uploads\/2024\/07\/Lego-Stadt-768x580.jpeg 768w, https:\/\/www.schulzentrum-stetten-akm.de\/wp-content\/uploads\/2024\/07\/Lego-Stadt-1536x1160.jpeg 1536w, https:\/\/www.schulzentrum-stetten-akm.de\/wp-content\/uploads\/2024\/07\/Lego-Stadt-scaled.jpeg 2048w, https:\/\/www.schulzentrum-stetten-akm.de\/wp-content\/uploads\/2024\/07\/Lego-Stadt-16x12.jpeg 16w\" sizes=\"auto, (max-width: 1024px) 100vw, 1024px\" \/><\/figure>\n\n\n\n<p>Imposantes Bauwerk: Die Lego-Stadt wurde an zwei Projekttagen bis zum Schulfest errichtet.<\/p>\n\n\n\n<figure class=\"wp-block-image size-large\"><img loading=\"lazy\" decoding=\"async\" width=\"1024\" height=\"820\" src=\"https:\/\/www.schulzentrum-stetten-akm.de\/wp-content\/uploads\/2024\/07\/Stop-Motion--1024x820.jpg\" alt=\"\" class=\"wp-image-7073\" srcset=\"https:\/\/www.schulzentrum-stetten-akm.de\/wp-content\/uploads\/2024\/07\/Stop-Motion--1024x820.jpg 1024w, https:\/\/www.schulzentrum-stetten-akm.de\/wp-content\/uploads\/2024\/07\/Stop-Motion--300x240.jpg 300w, https:\/\/www.schulzentrum-stetten-akm.de\/wp-content\/uploads\/2024\/07\/Stop-Motion--768x615.jpg 768w, https:\/\/www.schulzentrum-stetten-akm.de\/wp-content\/uploads\/2024\/07\/Stop-Motion--15x12.jpg 15w, https:\/\/www.schulzentrum-stetten-akm.de\/wp-content\/uploads\/2024\/07\/Stop-Motion-.jpg 1078w\" sizes=\"auto, (max-width: 1024px) 100vw, 1024px\" \/><\/figure>\n\n\n\n<p>Im Projekt &#8222;Stop Motion&#8220; von Ronja Okafor entstanden Kurzfilme aus bewegten Bildern mit Figuren aus Knete, Lego oder Papier zusammen mit den Akteuren. <\/p>\n\n\n\n<figure class=\"wp-block-image size-large is-resized\"><img loading=\"lazy\" decoding=\"async\" width=\"1024\" height=\"800\" src=\"https:\/\/www.schulzentrum-stetten-akm.de\/wp-content\/uploads\/2024\/07\/Backhaus-1024x800.jpeg\" alt=\"\" class=\"wp-image-7074\" style=\"width:949px;height:auto\" srcset=\"https:\/\/www.schulzentrum-stetten-akm.de\/wp-content\/uploads\/2024\/07\/Backhaus-1024x800.jpeg 1024w, https:\/\/www.schulzentrum-stetten-akm.de\/wp-content\/uploads\/2024\/07\/Backhaus-300x234.jpeg 300w, https:\/\/www.schulzentrum-stetten-akm.de\/wp-content\/uploads\/2024\/07\/Backhaus-768x600.jpeg 768w, https:\/\/www.schulzentrum-stetten-akm.de\/wp-content\/uploads\/2024\/07\/Backhaus-1536x1201.jpeg 1536w, https:\/\/www.schulzentrum-stetten-akm.de\/wp-content\/uploads\/2024\/07\/Backhaus-scaled.jpeg 2048w, https:\/\/www.schulzentrum-stetten-akm.de\/wp-content\/uploads\/2024\/07\/Backhaus-15x12.jpeg 15w\" sizes=\"auto, (max-width: 1024px) 100vw, 1024px\" \/><\/figure>\n\n\n\n<p>Probedurchlauf f\u00fcrs Schulfest: Stefan Rapp und Kathrin Hocheder versorgten alle in der Pause mit selbst gemachten Pizzen und Dennetle aus dem schuleigenen Backhaus.<\/p>\n\n\n\n<figure class=\"wp-block-image size-large\"><img loading=\"lazy\" decoding=\"async\" width=\"1024\" height=\"687\" src=\"https:\/\/www.schulzentrum-stetten-akm.de\/wp-content\/uploads\/2024\/07\/Deko-1024x687.jpeg\" alt=\"\" class=\"wp-image-7075\" srcset=\"https:\/\/www.schulzentrum-stetten-akm.de\/wp-content\/uploads\/2024\/07\/Deko-1024x687.jpeg 1024w, https:\/\/www.schulzentrum-stetten-akm.de\/wp-content\/uploads\/2024\/07\/Deko-300x201.jpeg 300w, https:\/\/www.schulzentrum-stetten-akm.de\/wp-content\/uploads\/2024\/07\/Deko-768x515.jpeg 768w, https:\/\/www.schulzentrum-stetten-akm.de\/wp-content\/uploads\/2024\/07\/Deko-1536x1030.jpeg 1536w, https:\/\/www.schulzentrum-stetten-akm.de\/wp-content\/uploads\/2024\/07\/Deko-scaled.jpeg 2048w, https:\/\/www.schulzentrum-stetten-akm.de\/wp-content\/uploads\/2024\/07\/Deko-18x12.jpeg 18w\" sizes=\"auto, (max-width: 1024px) 100vw, 1024px\" \/><\/figure>\n\n\n\n<p>Tolle Tischdeko: Das Team in der K\u00fcche um Tina Wolfram, Jessica Zwick, Veronika Kramer und Carolin Nipp hatte sichtlich Spa\u00df bei der Arbeit. Die Gruppe stemmte die gesamte Bewirtung von Kuchen, Cocktails und Waffeln und hatte zus\u00e4tzlich noch Glitzer-Tattoos im Angebot.<\/p>\n\n\n\n<p><\/p>","protected":false},"excerpt":{"rendered":"<p>Zum Abschluss des Schuljahres fanden am Schulzentrum Stetten wieder die Projekttage statt. Aus einer F\u00fclle von Angeboten konnten die Sch\u00fclerinnen und Sch\u00fcler ihr Interessensgebiet w\u00e4hlen und sich gestalterisch erproben oder &hellip; <\/p>","protected":false},"author":1,"featured_media":7064,"comment_status":"closed","ping_status":"closed","sticky":false,"template":"","format":"standard","meta":{"footnotes":""},"categories":[21,20],"tags":[],"class_list":["post-7055","post","type-post","status-publish","format-standard","has-post-thumbnail","hentry","category-exkursionen-und-lerngaenge","category-veranstaltungen"],"_links":{"self":[{"href":"https:\/\/www.schulzentrum-stetten-akm.de\/ro\/wp-json\/wp\/v2\/posts\/7055","targetHints":{"allow":["GET"]}}],"collection":[{"href":"https:\/\/www.schulzentrum-stetten-akm.de\/ro\/wp-json\/wp\/v2\/posts"}],"about":[{"href":"https:\/\/www.schulzentrum-stetten-akm.de\/ro\/wp-json\/wp\/v2\/types\/post"}],"author":[{"embeddable":true,"href":"https:\/\/www.schulzentrum-stetten-akm.de\/ro\/wp-json\/wp\/v2\/users\/1"}],"replies":[{"embeddable":true,"href":"https:\/\/www.schulzentrum-stetten-akm.de\/ro\/wp-json\/wp\/v2\/comments?post=7055"}],"version-history":[{"count":20,"href":"https:\/\/www.schulzentrum-stetten-akm.de\/ro\/wp-json\/wp\/v2\/posts\/7055\/revisions"}],"predecessor-version":[{"id":7141,"href":"https:\/\/www.schulzentrum-stetten-akm.de\/ro\/wp-json\/wp\/v2\/posts\/7055\/revisions\/7141"}],"wp:featuredmedia":[{"embeddable":true,"href":"https:\/\/www.schulzentrum-stetten-akm.de\/ro\/wp-json\/wp\/v2\/media\/7064"}],"wp:attachment":[{"href":"https:\/\/www.schulzentrum-stetten-akm.de\/ro\/wp-json\/wp\/v2\/media?parent=7055"}],"wp:term":[{"taxonomy":"category","embeddable":true,"href":"https:\/\/www.schulzentrum-stetten-akm.de\/ro\/wp-json\/wp\/v2\/categories?post=7055"},{"taxonomy":"post_tag","embeddable":true,"href":"https:\/\/www.schulzentrum-stetten-akm.de\/ro\/wp-json\/wp\/v2\/tags?post=7055"}],"curies":[{"name":"wp","href":"https:\/\/api.w.org\/{rel}","templated":true}]}}