{"id":7035,"date":"2024-07-20T11:12:38","date_gmt":"2024-07-20T09:12:38","guid":{"rendered":"https:\/\/www.schulzentrum-stetten-akm.de\/?p=7035"},"modified":"2024-07-20T20:34:03","modified_gmt":"2024-07-20T18:34:03","slug":"absolventinnen-und-absolventen-2024","status":"publish","type":"post","link":"https:\/\/www.schulzentrum-stetten-akm.de\/ro\/absolventinnen-und-absolventen-2024\/","title":{"rendered":"Absolventinnen und Absolventen 2024"},"content":{"rendered":"<p>Pressefotos von Susanne Grimm<\/p>\n\n\n\n<figure class=\"wp-block-image size-large\"><img loading=\"lazy\" decoding=\"async\" width=\"1024\" height=\"498\" src=\"https:\/\/www.schulzentrum-stetten-akm.de\/wp-content\/uploads\/2024\/07\/Die-Abschlussklasse-10.1-sgr-angepasst-1-1024x498.jpg\" alt=\"\" class=\"wp-image-7045\" srcset=\"https:\/\/www.schulzentrum-stetten-akm.de\/wp-content\/uploads\/2024\/07\/Die-Abschlussklasse-10.1-sgr-angepasst-1-1024x498.jpg 1024w, https:\/\/www.schulzentrum-stetten-akm.de\/wp-content\/uploads\/2024\/07\/Die-Abschlussklasse-10.1-sgr-angepasst-1-300x146.jpg 300w, https:\/\/www.schulzentrum-stetten-akm.de\/wp-content\/uploads\/2024\/07\/Die-Abschlussklasse-10.1-sgr-angepasst-1-768x373.jpg 768w, https:\/\/www.schulzentrum-stetten-akm.de\/wp-content\/uploads\/2024\/07\/Die-Abschlussklasse-10.1-sgr-angepasst-1-1536x747.jpg 1536w, https:\/\/www.schulzentrum-stetten-akm.de\/wp-content\/uploads\/2024\/07\/Die-Abschlussklasse-10.1-sgr-angepasst-1-scaled.jpg 2048w, https:\/\/www.schulzentrum-stetten-akm.de\/wp-content\/uploads\/2024\/07\/Die-Abschlussklasse-10.1-sgr-angepasst-1-18x9.jpg 18w\" sizes=\"auto, (max-width: 1024px) 100vw, 1024px\" \/><figcaption class=\"wp-element-caption\"><em>Auf dem Titelfoto Lernguppe 10.2 von Marco Heller (v. l.n.r.): <\/em>Viola Wolf, Lisa Straub-Riedler, Maximilian Halena, Erik Stein, Conner Ri\u00dfmann, Jonas Seddig, Alina Rielinger, Nils Kunz, Sch\u00fclersprecher Matty Wetterer, Leon De Gori, Marcel Niester, Erik Hirschberg, Lucy Bauer, Ben Graf, Nina Tretiakova, Nele Baaske, Johanna Bertsch, Jule Grathwohl, Berenice Reinholdt, Camille Wolf<\/figcaption><\/figure>\n\n\n\n<p><\/p>\n\n\n\n<figure class=\"wp-block-image size-large is-resized\"><img loading=\"lazy\" decoding=\"async\" width=\"1024\" height=\"636\" src=\"https:\/\/www.schulzentrum-stetten-akm.de\/wp-content\/uploads\/2024\/07\/Die-Lerngruppe-9.2-mit-ihren-Abschlusszeugnissen-sgr-angepasst-1024x636.jpg\" alt=\"\" class=\"wp-image-7037\" style=\"width:949px;height:auto\" srcset=\"https:\/\/www.schulzentrum-stetten-akm.de\/wp-content\/uploads\/2024\/07\/Die-Lerngruppe-9.2-mit-ihren-Abschlusszeugnissen-sgr-angepasst-1024x636.jpg 1024w, https:\/\/www.schulzentrum-stetten-akm.de\/wp-content\/uploads\/2024\/07\/Die-Lerngruppe-9.2-mit-ihren-Abschlusszeugnissen-sgr-angepasst-300x186.jpg 300w, https:\/\/www.schulzentrum-stetten-akm.de\/wp-content\/uploads\/2024\/07\/Die-Lerngruppe-9.2-mit-ihren-Abschlusszeugnissen-sgr-angepasst-768x477.jpg 768w, https:\/\/www.schulzentrum-stetten-akm.de\/wp-content\/uploads\/2024\/07\/Die-Lerngruppe-9.2-mit-ihren-Abschlusszeugnissen-sgr-angepasst-1536x954.jpg 1536w, https:\/\/www.schulzentrum-stetten-akm.de\/wp-content\/uploads\/2024\/07\/Die-Lerngruppe-9.2-mit-ihren-Abschlusszeugnissen-sgr-angepasst-scaled.jpg 2048w, https:\/\/www.schulzentrum-stetten-akm.de\/wp-content\/uploads\/2024\/07\/Die-Lerngruppe-9.2-mit-ihren-Abschlusszeugnissen-sgr-angepasst-18x12.jpg 18w\" sizes=\"auto, (max-width: 1024px) 100vw, 1024px\" \/><figcaption class=\"wp-element-caption\"><em>Lerngruppe 10.1 von Maria Montalbano<\/em>: Kathleen Arends, Felix Buhl, Selina Gr\u00fcner, Adrian Niestr\u00f3j, Serona Male, Phil Pepke, Lena Werner, Joana Wetterer, Dominik Straub, Sarah Ruf, Marie Sauter<\/figcaption><\/figure>\n\n\n\n<figure class=\"wp-block-image size-large\"><img loading=\"lazy\" decoding=\"async\" width=\"1024\" height=\"640\" src=\"https:\/\/www.schulzentrum-stetten-akm.de\/wp-content\/uploads\/2024\/07\/Die-Preistraeger-des-Abschlussjahrgang-2024-sgr-angepasst-1024x640.jpg\" alt=\"\" class=\"wp-image-7038\" srcset=\"https:\/\/www.schulzentrum-stetten-akm.de\/wp-content\/uploads\/2024\/07\/Die-Preistraeger-des-Abschlussjahrgang-2024-sgr-angepasst-1024x640.jpg 1024w, https:\/\/www.schulzentrum-stetten-akm.de\/wp-content\/uploads\/2024\/07\/Die-Preistraeger-des-Abschlussjahrgang-2024-sgr-angepasst-300x187.jpg 300w, https:\/\/www.schulzentrum-stetten-akm.de\/wp-content\/uploads\/2024\/07\/Die-Preistraeger-des-Abschlussjahrgang-2024-sgr-angepasst-768x480.jpg 768w, https:\/\/www.schulzentrum-stetten-akm.de\/wp-content\/uploads\/2024\/07\/Die-Preistraeger-des-Abschlussjahrgang-2024-sgr-angepasst-1536x960.jpg 1536w, https:\/\/www.schulzentrum-stetten-akm.de\/wp-content\/uploads\/2024\/07\/Die-Preistraeger-des-Abschlussjahrgang-2024-sgr-angepasst-scaled.jpg 2048w, https:\/\/www.schulzentrum-stetten-akm.de\/wp-content\/uploads\/2024\/07\/Die-Preistraeger-des-Abschlussjahrgang-2024-sgr-angepasst-18x12.jpg 18w\" sizes=\"auto, (max-width: 1024px) 100vw, 1024px\" \/><figcaption class=\"wp-element-caption\"><em>Preistr\u00e4gerinnen und Preistr\u00e4ger f\u00fcr die beste Leistung<\/em>: Saskia Beck, Phil Pepke, Viola Wolf, Jonas Seddig, Johanna Bertsch, Jule Grathwohl, Erik Hirschberg, Berenice Reinholdt, Camille Wolf<\/figcaption><\/figure>\n\n\n\n<figure class=\"wp-block-image size-large\"><img loading=\"lazy\" decoding=\"async\" width=\"1024\" height=\"621\" src=\"https:\/\/www.schulzentrum-stetten-akm.de\/wp-content\/uploads\/2024\/07\/Die-Neuner-mit-ihren-Lehrkraeften-sgr-LG-9G-angepasst-1024x621.jpg\" alt=\"\" class=\"wp-image-7039\" srcset=\"https:\/\/www.schulzentrum-stetten-akm.de\/wp-content\/uploads\/2024\/07\/Die-Neuner-mit-ihren-Lehrkraeften-sgr-LG-9G-angepasst-1024x621.jpg 1024w, https:\/\/www.schulzentrum-stetten-akm.de\/wp-content\/uploads\/2024\/07\/Die-Neuner-mit-ihren-Lehrkraeften-sgr-LG-9G-angepasst-300x182.jpg 300w, https:\/\/www.schulzentrum-stetten-akm.de\/wp-content\/uploads\/2024\/07\/Die-Neuner-mit-ihren-Lehrkraeften-sgr-LG-9G-angepasst-768x466.jpg 768w, https:\/\/www.schulzentrum-stetten-akm.de\/wp-content\/uploads\/2024\/07\/Die-Neuner-mit-ihren-Lehrkraeften-sgr-LG-9G-angepasst-1536x931.jpg 1536w, https:\/\/www.schulzentrum-stetten-akm.de\/wp-content\/uploads\/2024\/07\/Die-Neuner-mit-ihren-Lehrkraeften-sgr-LG-9G-angepasst-scaled.jpg 2048w, https:\/\/www.schulzentrum-stetten-akm.de\/wp-content\/uploads\/2024\/07\/Die-Neuner-mit-ihren-Lehrkraeften-sgr-LG-9G-angepasst-18x12.jpg 18w\" sizes=\"auto, (max-width: 1024px) 100vw, 1024px\" \/><figcaption class=\"wp-element-caption\"><em>Lerngruppe 9G von Jessica Zwick und Annette Karsten zusammen mit ihren Lehrkr\u00e4ften<\/em>: Leon Fischer, Asef Momeni, Eric Nagel, Annette Karsten, Saskia Beck, Marilee Kremer, Jessica Zwick, Anastasia Leuter, Sonja Unger, Anne Ziegler, Marco Heller<\/figcaption><\/figure>\n\n\n\n<figure class=\"wp-block-image size-large is-resized\"><img loading=\"lazy\" decoding=\"async\" width=\"1024\" height=\"554\" src=\"https:\/\/www.schulzentrum-stetten-akm.de\/wp-content\/uploads\/2024\/07\/Auch-die-Lehrer-der-Abschlussklassen-wurden-beschenkt-sgr-angepasst-1024x554.jpg\" alt=\"\" class=\"wp-image-7040\" style=\"width:949px;height:auto\" srcset=\"https:\/\/www.schulzentrum-stetten-akm.de\/wp-content\/uploads\/2024\/07\/Auch-die-Lehrer-der-Abschlussklassen-wurden-beschenkt-sgr-angepasst-1024x554.jpg 1024w, https:\/\/www.schulzentrum-stetten-akm.de\/wp-content\/uploads\/2024\/07\/Auch-die-Lehrer-der-Abschlussklassen-wurden-beschenkt-sgr-angepasst-300x162.jpg 300w, https:\/\/www.schulzentrum-stetten-akm.de\/wp-content\/uploads\/2024\/07\/Auch-die-Lehrer-der-Abschlussklassen-wurden-beschenkt-sgr-angepasst-768x416.jpg 768w, https:\/\/www.schulzentrum-stetten-akm.de\/wp-content\/uploads\/2024\/07\/Auch-die-Lehrer-der-Abschlussklassen-wurden-beschenkt-sgr-angepasst-1536x832.jpg 1536w, https:\/\/www.schulzentrum-stetten-akm.de\/wp-content\/uploads\/2024\/07\/Auch-die-Lehrer-der-Abschlussklassen-wurden-beschenkt-sgr-angepasst-scaled.jpg 2048w, https:\/\/www.schulzentrum-stetten-akm.de\/wp-content\/uploads\/2024\/07\/Auch-die-Lehrer-der-Abschlussklassen-wurden-beschenkt-sgr-angepasst-18x10.jpg 18w\" sizes=\"auto, (max-width: 1024px) 100vw, 1024px\" \/><figcaption class=\"wp-element-caption\"><em>Jule, Viola und Kathleen \u00fcberreichen ein Dankesch\u00f6n f\u00fcr das Personal und die Lehrkr\u00e4fte der 10er<\/em>: Jule Grathwohl, Leonie Baier, Hausmeister Wolfgang L\u00f6ffler, Conny Gruber, Carolin Nipp, Thomas Pfeiffer, Viola Wolf, Kahleen Arends, Rektor Dr. Christof Probst, Konrektor J\u00fcrgen Lebherz, Maria Montalbano, Armin Hotz, Annette Karsten, Marco Heller, Ronja Okafor<\/figcaption><\/figure>","protected":false},"excerpt":{"rendered":"<p>Pressefotos von Susanne Grimm<\/p>","protected":false},"author":1,"featured_media":7043,"comment_status":"closed","ping_status":"closed","sticky":false,"template":"","format":"standard","meta":{"footnotes":""},"categories":[20],"tags":[],"class_list":["post-7035","post","type-post","status-publish","format-standard","has-post-thumbnail","hentry","category-veranstaltungen"],"_links":{"self":[{"href":"https:\/\/www.schulzentrum-stetten-akm.de\/ro\/wp-json\/wp\/v2\/posts\/7035","targetHints":{"allow":["GET"]}}],"collection":[{"href":"https:\/\/www.schulzentrum-stetten-akm.de\/ro\/wp-json\/wp\/v2\/posts"}],"about":[{"href":"https:\/\/www.schulzentrum-stetten-akm.de\/ro\/wp-json\/wp\/v2\/types\/post"}],"author":[{"embeddable":true,"href":"https:\/\/www.schulzentrum-stetten-akm.de\/ro\/wp-json\/wp\/v2\/users\/1"}],"replies":[{"embeddable":true,"href":"https:\/\/www.schulzentrum-stetten-akm.de\/ro\/wp-json\/wp\/v2\/comments?post=7035"}],"version-history":[{"count":8,"href":"https:\/\/www.schulzentrum-stetten-akm.de\/ro\/wp-json\/wp\/v2\/posts\/7035\/revisions"}],"predecessor-version":[{"id":7053,"href":"https:\/\/www.schulzentrum-stetten-akm.de\/ro\/wp-json\/wp\/v2\/posts\/7035\/revisions\/7053"}],"wp:featuredmedia":[{"embeddable":true,"href":"https:\/\/www.schulzentrum-stetten-akm.de\/ro\/wp-json\/wp\/v2\/media\/7043"}],"wp:attachment":[{"href":"https:\/\/www.schulzentrum-stetten-akm.de\/ro\/wp-json\/wp\/v2\/media?parent=7035"}],"wp:term":[{"taxonomy":"category","embeddable":true,"href":"https:\/\/www.schulzentrum-stetten-akm.de\/ro\/wp-json\/wp\/v2\/categories?post=7035"},{"taxonomy":"post_tag","embeddable":true,"href":"https:\/\/www.schulzentrum-stetten-akm.de\/ro\/wp-json\/wp\/v2\/tags?post=7035"}],"curies":[{"name":"wp","href":"https:\/\/api.w.org\/{rel}","templated":true}]}}