{"id":6515,"date":"2023-11-25T11:25:56","date_gmt":"2023-11-25T10:25:56","guid":{"rendered":"https:\/\/www.schulzentrum-stetten-akm.de\/?p=6515"},"modified":"2023-11-25T11:27:43","modified_gmt":"2023-11-25T10:27:43","slug":"6515-2","status":"publish","type":"post","link":"https:\/\/www.schulzentrum-stetten-akm.de\/ro\/6515-2\/","title":{"rendered":"Freude schenken"},"content":{"rendered":"<p><em>Jedes Jahr nimmt das Schulzentrum Stetten an der Aktion &#8222;Weihnachtsp\u00e4ckchenkonvoi&#8220; teil, die Spenden an bed\u00fcrftige Kinder in Krankenh\u00e4usern, Behinderteneinrichtungen oder Kinderg\u00e4rten und Schulen in Osteuropa verteilt. <br>Auch diesmal gab es f\u00fcr die Helfer viel einzuladen: dar\u00fcber berichtet Florian Dattke. <\/em><\/p>\n\n\n\n<p>Gestern war es soweit, die flei\u00dfig gesammelten Weihnachtsp\u00e4ckchen machten sich auf den Weg, Kindern aus anderen L\u00e4ndern eine frohe Weihnacht zu bescheren. Sch\u00fcler aus allen Stufen des Schulzentrums beteiligten sich rege und lie\u00dfen Empathie und Kreativit\u00e4t beim Zusammenstellen ihres P\u00e4ckchens spielen. Alle Jahre wieder best\u00e4tigt der Anblick der vielen liebevoll eingepackten Geschenke, dass Freude und Gl\u00fcck zum Teilen da sind. Nach dem Einladen der P\u00e4ckchen durften sich alle helfenden H\u00e4nde eine Butterbrezel nehmen und die Weihnachtsfreude auf ihre Reise schicken.<\/p>","protected":false},"excerpt":{"rendered":"<p>Jedes Jahr nimmt das Schulzentrum Stetten an der Aktion &#8222;Weihnachtsp\u00e4ckchenkonvoi&#8220; teil, die Spenden an bed\u00fcrftige Kinder in Krankenh\u00e4usern, Behinderteneinrichtungen oder Kinderg\u00e4rten und Schulen in Osteuropa verteilt. Auch diesmal gab es &hellip; <\/p>","protected":false},"author":1,"featured_media":6516,"comment_status":"closed","ping_status":"closed","sticky":false,"template":"","format":"standard","meta":{"footnotes":""},"categories":[1,26],"tags":[],"class_list":["post-6515","post","type-post","status-publish","format-standard","has-post-thumbnail","hentry","category-allgemein","category-schulsozialarbeit"],"_links":{"self":[{"href":"https:\/\/www.schulzentrum-stetten-akm.de\/ro\/wp-json\/wp\/v2\/posts\/6515","targetHints":{"allow":["GET"]}}],"collection":[{"href":"https:\/\/www.schulzentrum-stetten-akm.de\/ro\/wp-json\/wp\/v2\/posts"}],"about":[{"href":"https:\/\/www.schulzentrum-stetten-akm.de\/ro\/wp-json\/wp\/v2\/types\/post"}],"author":[{"embeddable":true,"href":"https:\/\/www.schulzentrum-stetten-akm.de\/ro\/wp-json\/wp\/v2\/users\/1"}],"replies":[{"embeddable":true,"href":"https:\/\/www.schulzentrum-stetten-akm.de\/ro\/wp-json\/wp\/v2\/comments?post=6515"}],"version-history":[{"count":4,"href":"https:\/\/www.schulzentrum-stetten-akm.de\/ro\/wp-json\/wp\/v2\/posts\/6515\/revisions"}],"predecessor-version":[{"id":6520,"href":"https:\/\/www.schulzentrum-stetten-akm.de\/ro\/wp-json\/wp\/v2\/posts\/6515\/revisions\/6520"}],"wp:featuredmedia":[{"embeddable":true,"href":"https:\/\/www.schulzentrum-stetten-akm.de\/ro\/wp-json\/wp\/v2\/media\/6516"}],"wp:attachment":[{"href":"https:\/\/www.schulzentrum-stetten-akm.de\/ro\/wp-json\/wp\/v2\/media?parent=6515"}],"wp:term":[{"taxonomy":"category","embeddable":true,"href":"https:\/\/www.schulzentrum-stetten-akm.de\/ro\/wp-json\/wp\/v2\/categories?post=6515"},{"taxonomy":"post_tag","embeddable":true,"href":"https:\/\/www.schulzentrum-stetten-akm.de\/ro\/wp-json\/wp\/v2\/tags?post=6515"}],"curies":[{"name":"wp","href":"https:\/\/api.w.org\/{rel}","templated":true}]}}