{"id":6482,"date":"2023-11-17T14:27:41","date_gmt":"2023-11-17T13:27:41","guid":{"rendered":"https:\/\/www.schulzentrum-stetten-akm.de\/?p=6482"},"modified":"2023-11-17T14:28:29","modified_gmt":"2023-11-17T13:28:29","slug":"6482-2","status":"publish","type":"post","link":"https:\/\/www.schulzentrum-stetten-akm.de\/ro\/6482-2\/","title":{"rendered":""},"content":{"rendered":"<p>In der Sekundarstufe I unternehmen die Lerngruppen des Schulzentrums Stetten einen Lerngang zur Stadtb\u00fccherei Albstadt-Ebingen, die ein breites Angebot an Kinder-, Jugend- und Erwachsenenliteratur zu aktuellen gesellschaftlichen Fragestellungen bietet. Highlight ist f\u00fcr die jungen Besucher jedesmal die B\u00fccherei-Rallye mit einem Tablet, bei der teils kniffelige Fragen durch das Suchen in den Regalen und entsprechenden Medien gel\u00f6st werden m\u00fcssen. Vom diesj\u00e4hrigen Besuch der Lerngruppen 5 berichtet Lia Renz aus der 5.2 (Foto: Sonja Unger mit ihrer Lerngruppe 5.2):<\/p>\n\n\n\n<p><em>Die 5.2 hat am Montag, dem 13.11., einen Ausflug in die B\u00fccherei gemacht. Es wurde uns erkl\u00e4rt, wie die B\u00fccherei aufgebaut ist. Danach durften wir in Partnerarbeit etwas am iPad l\u00f6sen. Zum Abschluss machten wir ein Quiz. Als wir fertig waren, durften wir noch in den B\u00fcchern st\u00f6bern. Der Tag war ein voller Erfolg, weswegen wir alle gut gelaunt zur\u00fcck und etwas m\u00fcde in die Schule zur\u00fcckkamen!<\/em><br><\/p>","protected":false},"excerpt":{"rendered":"<p>In der Sekundarstufe I unternehmen die Lerngruppen des Schulzentrums Stetten einen Lerngang zur Stadtb\u00fccherei Albstadt-Ebingen, die ein breites Angebot an Kinder-, Jugend- und Erwachsenenliteratur zu aktuellen gesellschaftlichen Fragestellungen bietet. Highlight &hellip; <\/p>","protected":false},"author":1,"featured_media":6483,"comment_status":"closed","ping_status":"closed","sticky":false,"template":"","format":"standard","meta":{"footnotes":""},"categories":[21],"tags":[],"class_list":["post-6482","post","type-post","status-publish","format-standard","has-post-thumbnail","hentry","category-exkursionen-und-lerngaenge"],"_links":{"self":[{"href":"https:\/\/www.schulzentrum-stetten-akm.de\/ro\/wp-json\/wp\/v2\/posts\/6482","targetHints":{"allow":["GET"]}}],"collection":[{"href":"https:\/\/www.schulzentrum-stetten-akm.de\/ro\/wp-json\/wp\/v2\/posts"}],"about":[{"href":"https:\/\/www.schulzentrum-stetten-akm.de\/ro\/wp-json\/wp\/v2\/types\/post"}],"author":[{"embeddable":true,"href":"https:\/\/www.schulzentrum-stetten-akm.de\/ro\/wp-json\/wp\/v2\/users\/1"}],"replies":[{"embeddable":true,"href":"https:\/\/www.schulzentrum-stetten-akm.de\/ro\/wp-json\/wp\/v2\/comments?post=6482"}],"version-history":[{"count":2,"href":"https:\/\/www.schulzentrum-stetten-akm.de\/ro\/wp-json\/wp\/v2\/posts\/6482\/revisions"}],"predecessor-version":[{"id":6485,"href":"https:\/\/www.schulzentrum-stetten-akm.de\/ro\/wp-json\/wp\/v2\/posts\/6482\/revisions\/6485"}],"wp:featuredmedia":[{"embeddable":true,"href":"https:\/\/www.schulzentrum-stetten-akm.de\/ro\/wp-json\/wp\/v2\/media\/6483"}],"wp:attachment":[{"href":"https:\/\/www.schulzentrum-stetten-akm.de\/ro\/wp-json\/wp\/v2\/media?parent=6482"}],"wp:term":[{"taxonomy":"category","embeddable":true,"href":"https:\/\/www.schulzentrum-stetten-akm.de\/ro\/wp-json\/wp\/v2\/categories?post=6482"},{"taxonomy":"post_tag","embeddable":true,"href":"https:\/\/www.schulzentrum-stetten-akm.de\/ro\/wp-json\/wp\/v2\/tags?post=6482"}],"curies":[{"name":"wp","href":"https:\/\/api.w.org\/{rel}","templated":true}]}}