{"id":6376,"date":"2023-09-20T10:45:43","date_gmt":"2023-09-20T08:45:43","guid":{"rendered":"https:\/\/www.schulzentrum-stetten-akm.de\/?p=6376"},"modified":"2023-09-20T10:50:19","modified_gmt":"2023-09-20T08:50:19","slug":"de-la-cereale-la-paine-la-muzeul-in-aer-liber-neuhausen-ob-eck","status":"publish","type":"post","link":"https:\/\/www.schulzentrum-stetten-akm.de\/ro\/de-la-cereale-la-paine-la-muzeul-in-aer-liber-neuhausen-ob-eck\/","title":{"rendered":"De la cereale la p\u00e2ine - \u00een muzeul \u00een aer liber Neuhausen ob Eck"},"content":{"rendered":"<p>Ceea ce ast\u0103zi o combin\u0103 de recoltat face \u00een c\u00e2teva minute, acum mai bine de 100 de ani era \u00eenc\u0103 o munc\u0103 manual\u0103 care necesita mult timp: aratul, sem\u0103natul, cositul, treieratul, separarea gr\u00e2ului de neghin\u0103 \u0219i apoi m\u0103cinarea boabelor \u00een f\u0103in\u0103 pot fi experimentate \u00een direct la moara de peste 250 de ani din muzeul \u00een aer liber din Neuhausen ob Eck. Ieri, cele dou\u0103 clase a 4-a de la \u0219coala primar\u0103, \u00eempreun\u0103 cu profesoarele lor Renate Biselli \u0219i Maria Fr\u00f6hlich, au avut parte de o incursiune de \u00eenv\u0103\u021bare \u00een me\u0219te\u0219ugul morarului de odinioar\u0103, care a fost dur \u00een trecut, \u00een cadrul unui tur de \u00eenv\u0103\u021bare pe tema \"gr\u00e2nei\" \u00een cadrul lec\u021biilor de \u0219tiin\u021be (fotografie de copert\u0103: clasele \u00een fa\u021ba ro\u021bii vechii mori).<\/p>\n\n\n\n<figure class=\"wp-block-image size-large\"><img loading=\"lazy\" decoding=\"async\" width=\"1024\" height=\"576\" src=\"https:\/\/www.schulzentrum-stetten-akm.de\/wp-content\/uploads\/2023\/09\/Freilichtmuseum-Dreschen-1024x576.jpg\" alt=\"\" class=\"wp-image-6378\" srcset=\"https:\/\/www.schulzentrum-stetten-akm.de\/wp-content\/uploads\/2023\/09\/Freilichtmuseum-Dreschen-1024x576.jpg 1024w, https:\/\/www.schulzentrum-stetten-akm.de\/wp-content\/uploads\/2023\/09\/Freilichtmuseum-Dreschen-300x169.jpg 300w, https:\/\/www.schulzentrum-stetten-akm.de\/wp-content\/uploads\/2023\/09\/Freilichtmuseum-Dreschen-768x432.jpg 768w, https:\/\/www.schulzentrum-stetten-akm.de\/wp-content\/uploads\/2023\/09\/Freilichtmuseum-Dreschen-1536x864.jpg 1536w, https:\/\/www.schulzentrum-stetten-akm.de\/wp-content\/uploads\/2023\/09\/Freilichtmuseum-Dreschen-18x10.jpg 18w, https:\/\/www.schulzentrum-stetten-akm.de\/wp-content\/uploads\/2023\/09\/Freilichtmuseum-Dreschen.jpg 1920w\" sizes=\"auto, (max-width: 1024px) 100vw, 1024px\" \/><figcaption class=\"wp-element-caption\">Treieratul cu un fulg<\/figcaption><\/figure>\n\n\n\n<p>Pe l\u00e2ng\u0103 lini\u0219tea nostalgic\u0103 a cl\u0103dirilor istorice din campus, copiii s-au bucurat \u0219i de produsul muncii lor: la final, fiecare a putut s\u0103-\u0219i modeleze propriul Dinnele \u0219i s\u0103-l coac\u0103 \u00een cuptorul rustic cu lemne, acoperit cu sl\u0103nin\u0103, semin\u021be de chimen \u0219i sare.<\/p>\n\n\n\n<figure class=\"wp-block-image size-large\"><img loading=\"lazy\" decoding=\"async\" width=\"768\" height=\"1024\" src=\"https:\/\/www.schulzentrum-stetten-akm.de\/wp-content\/uploads\/2023\/09\/Freilichtmuseum-Dinnele-768x1024.jpg\" alt=\"\" class=\"wp-image-6379\" srcset=\"https:\/\/www.schulzentrum-stetten-akm.de\/wp-content\/uploads\/2023\/09\/Freilichtmuseum-Dinnele-768x1024.jpg 768w, https:\/\/www.schulzentrum-stetten-akm.de\/wp-content\/uploads\/2023\/09\/Freilichtmuseum-Dinnele-225x300.jpg 225w, https:\/\/www.schulzentrum-stetten-akm.de\/wp-content\/uploads\/2023\/09\/Freilichtmuseum-Dinnele-1152x1536.jpg 1152w, https:\/\/www.schulzentrum-stetten-akm.de\/wp-content\/uploads\/2023\/09\/Freilichtmuseum-Dinnele-9x12.jpg 9w, https:\/\/www.schulzentrum-stetten-akm.de\/wp-content\/uploads\/2023\/09\/Freilichtmuseum-Dinnele.jpg 1440w\" sizes=\"auto, (max-width: 768px) 100vw, 768px\" \/><figcaption class=\"wp-element-caption\">Delicioase: dinnele de cas\u0103 \u00ee\u021bi permit s\u0103 sim\u021bi valoarea propriei munci \u00eentr-un mod diferit fa\u021b\u0103 de produsele din supermarket.<\/figcaption><\/figure>\n\n\n\n<p>Ziua plin\u0103 de evenimente a fost \u00eencheiat\u0103 cu o vizit\u0103 la locul de joac\u0103. <\/p>","protected":false},"excerpt":{"rendered":"<p>Ceea ce ast\u0103zi o combin\u0103 de recoltat face \u00een c\u00e2teva minute era \u00eenc\u0103 o munc\u0103 manual\u0103 care consuma mult timp \u00een urm\u0103 cu mai bine de 100 de ani: aratul, sem\u0103natul, cositul, treieratul, separarea gr\u00e2ului de neghin\u0103 \u0219i apoi recoltarea acestuia din ... <\/p>","protected":false},"author":1,"featured_media":6377,"comment_status":"closed","ping_status":"closed","sticky":false,"template":"","format":"standard","meta":{"footnotes":""},"categories":[21],"tags":[],"class_list":["post-6376","post","type-post","status-publish","format-standard","has-post-thumbnail","hentry","category-exkursionen-und-lerngaenge"],"_links":{"self":[{"href":"https:\/\/www.schulzentrum-stetten-akm.de\/ro\/wp-json\/wp\/v2\/posts\/6376","targetHints":{"allow":["GET"]}}],"collection":[{"href":"https:\/\/www.schulzentrum-stetten-akm.de\/ro\/wp-json\/wp\/v2\/posts"}],"about":[{"href":"https:\/\/www.schulzentrum-stetten-akm.de\/ro\/wp-json\/wp\/v2\/types\/post"}],"author":[{"embeddable":true,"href":"https:\/\/www.schulzentrum-stetten-akm.de\/ro\/wp-json\/wp\/v2\/users\/1"}],"replies":[{"embeddable":true,"href":"https:\/\/www.schulzentrum-stetten-akm.de\/ro\/wp-json\/wp\/v2\/comments?post=6376"}],"version-history":[{"count":2,"href":"https:\/\/www.schulzentrum-stetten-akm.de\/ro\/wp-json\/wp\/v2\/posts\/6376\/revisions"}],"predecessor-version":[{"id":6381,"href":"https:\/\/www.schulzentrum-stetten-akm.de\/ro\/wp-json\/wp\/v2\/posts\/6376\/revisions\/6381"}],"wp:featuredmedia":[{"embeddable":true,"href":"https:\/\/www.schulzentrum-stetten-akm.de\/ro\/wp-json\/wp\/v2\/media\/6377"}],"wp:attachment":[{"href":"https:\/\/www.schulzentrum-stetten-akm.de\/ro\/wp-json\/wp\/v2\/media?parent=6376"}],"wp:term":[{"taxonomy":"category","embeddable":true,"href":"https:\/\/www.schulzentrum-stetten-akm.de\/ro\/wp-json\/wp\/v2\/categories?post=6376"},{"taxonomy":"post_tag","embeddable":true,"href":"https:\/\/www.schulzentrum-stetten-akm.de\/ro\/wp-json\/wp\/v2\/tags?post=6376"}],"curies":[{"name":"wp","href":"https:\/\/api.w.org\/{rel}","templated":true}]}}