{"id":6032,"date":"2023-05-26T15:03:42","date_gmt":"2023-05-26T13:03:42","guid":{"rendered":"https:\/\/www.schulzentrum-stetten-akm.de\/?p=6032"},"modified":"2024-04-08T13:49:39","modified_gmt":"2024-04-08T11:49:39","slug":"department-wbs-sustainable-entrepreneurship-education-at-the-gms-stetten","status":"publish","type":"post","link":"https:\/\/www.schulzentrum-stetten-akm.de\/ro\/department-wbs-sustainable-entrepreneurship-education-at-the-gms-stetten\/","title":{"rendered":"Departamentul WBS: Educa\u021bie antreprenorial\u0103 durabil\u0103 la GMS Stetten"},"content":{"rendered":"<p>C\u0103 \u00eentrebarea legat\u0103 de viitorul planetei noastre arde sub unghii, la <em>Vinerea pentru viitor <\/em>\u00eentr-un mod impresionant pentru con\u0219tientizarea publicului. Dar demonstra\u021bia singur\u0103 nu este suficient\u0103. Sunt necesare m\u0103suri concrete pentru a proteja lumea \u0219i oamenii s\u0103i de catastrofele iminente.<\/p>\n\n\n\n<p>Agenda 2030 a comunit\u0103\u021bii mondiale formuleaz\u0103 17 obiective de dezvoltare durabil\u0103 la nivel mondial: conservarea resurselor, combaterea schimb\u0103rilor climatice \u0219i stabilizarea condi\u021biilor de via\u021b\u0103 ale tuturor oamenilor. \u00cen planurile de \u00eenv\u0103\u021b\u0103m\u00e2nt pentru \u0219coli, acestea se reg\u0103sesc \u00een perspectiva directoare a EDS, a <em>Educa\u021bie pentru dezvoltare durabil\u0103<\/em>. Nu este vorba \u00een primul r\u00e2nd despre transmiterea de cuno\u0219tin\u021be teoretice, ci despre experien\u021ba c\u0103 fiecare individ poate contribui la o lume locuibil\u0103 prin contribu\u021bia sa la poten\u021bialul s\u0103u creativ.<\/p>\n\n\n\n<p>Grupurile de \u00eenv\u0103\u021bare 9 din centrul \u0219colar Stetten a.k.M. au participat s\u0103pt\u0103m\u00e2na trecut\u0103 la proiectul SE*Stars sub \u00eendrumarea reprezentantei BO, dna Jessica Zwick. Cursul de \u00eenv\u0103\u021bare inovator provine de la Charlotte Diepolder, care a creat un program ca parte a doctoratului s\u0103u la Universitatea de Educa\u021bie din Weingarten \u0219i la Universitatea din Constan\u021ba pentru a-i entuziasma pe tineri cu privire la rezolvarea constructiv\u0103 a problemelor pentru provoc\u0103rile globale. SE*Stars \u00eenseamn\u0103 <em>Educa\u021bie antreprenorial\u0103 durabil\u0103<\/em> \u0219i face din antreprenoriatul durabil o experien\u021b\u0103 tangibil\u0103 pentru elevii din clasele 8-10. \u00cen cooperare cu companii din regiunea din jurul lacului Constance, elevii folosesc tehnici creative pentru a aplica con\u021binuturi interdisciplinare din materiile WBS (orientare profesional\u0103, orientare \u00een afaceri, carier\u0103 \u0219i studii), AES (cultur\u0103 cotidian\u0103, nutri\u021bie, probleme sociale) \u0219i biologie pentru a concepe prototipuri de produse sau servicii. Rezultatele sunt reflectate \u00een mod critic prin intermediul feedback-ului din partea companiilor gazd\u0103 \u0219i se evalueaz\u0103 adecvarea lor la principiul director al sustenabilit\u0103\u021bii. La final, studen\u021bii primesc un certificat pentru participarea lor de succes.<\/p>\n\n\n\n<p>Jessica Zwick, care de c\u00e2nd a \u00eenceput s\u0103 lucreze la orientarea profesional\u0103 la \u0219coala comunitar\u0103 Stetten a.k.M., este foarte mul\u021bumit\u0103 de rezultatele testului: \"Orientarea profesional\u0103 este unul dintre pilonii educa\u021biei noastre la o \u0219coal\u0103 comunitar\u0103. Prin proiecte ca acesta, cre\u0103m deja o prim\u0103 introducere \u00een g\u00e2ndirea antreprenorial\u0103, care nu ar putea fi predat\u0103 \u00een cadrul activit\u0103\u021bii tradi\u021bionale la clas\u0103.\"<br><br>Dup\u0103 finalizarea etapei de evaluare, \u00een care se examineaz\u0103 \u00een final oportunit\u0103\u021bile \u0219i riscurile proiectului, se va decide dac\u0103 <em>SE*Stars<\/em> poate deveni un modul obligatoriu la GMS Stetten.<\/p>","protected":false},"excerpt":{"rendered":"<p>Vinerea pentru viitor a adus \u00een aten\u021bia publicului, \u00eentr-un mod impresionant, problema viitorului planetei noastre. Dar demonstra\u021bia nu este suficient\u0103. ... <\/p>","protected":false},"author":1,"featured_media":6033,"comment_status":"closed","ping_status":"closed","sticky":false,"template":"","format":"standard","meta":{"footnotes":""},"categories":[44,1,22],"tags":[],"class_list":["post-6032","post","type-post","status-publish","format-standard","has-post-thumbnail","hentry","category-berufsorientierung","category-allgemein","category-schulalltag"],"_links":{"self":[{"href":"https:\/\/www.schulzentrum-stetten-akm.de\/ro\/wp-json\/wp\/v2\/posts\/6032","targetHints":{"allow":["GET"]}}],"collection":[{"href":"https:\/\/www.schulzentrum-stetten-akm.de\/ro\/wp-json\/wp\/v2\/posts"}],"about":[{"href":"https:\/\/www.schulzentrum-stetten-akm.de\/ro\/wp-json\/wp\/v2\/types\/post"}],"author":[{"embeddable":true,"href":"https:\/\/www.schulzentrum-stetten-akm.de\/ro\/wp-json\/wp\/v2\/users\/1"}],"replies":[{"embeddable":true,"href":"https:\/\/www.schulzentrum-stetten-akm.de\/ro\/wp-json\/wp\/v2\/comments?post=6032"}],"version-history":[{"count":2,"href":"https:\/\/www.schulzentrum-stetten-akm.de\/ro\/wp-json\/wp\/v2\/posts\/6032\/revisions"}],"predecessor-version":[{"id":6036,"href":"https:\/\/www.schulzentrum-stetten-akm.de\/ro\/wp-json\/wp\/v2\/posts\/6032\/revisions\/6036"}],"wp:featuredmedia":[{"embeddable":true,"href":"https:\/\/www.schulzentrum-stetten-akm.de\/ro\/wp-json\/wp\/v2\/media\/6033"}],"wp:attachment":[{"href":"https:\/\/www.schulzentrum-stetten-akm.de\/ro\/wp-json\/wp\/v2\/media?parent=6032"}],"wp:term":[{"taxonomy":"category","embeddable":true,"href":"https:\/\/www.schulzentrum-stetten-akm.de\/ro\/wp-json\/wp\/v2\/categories?post=6032"},{"taxonomy":"post_tag","embeddable":true,"href":"https:\/\/www.schulzentrum-stetten-akm.de\/ro\/wp-json\/wp\/v2\/tags?post=6032"}],"curies":[{"name":"wp","href":"https:\/\/api.w.org\/{rel}","templated":true}]}}