{"id":5289,"date":"2022-07-11T10:23:27","date_gmt":"2022-07-11T08:23:27","guid":{"rendered":"https:\/\/www.schulzentrum-stetten-akm.de\/?p=5289"},"modified":"2022-07-15T07:52:49","modified_gmt":"2022-07-15T05:52:49","slug":"impotriva-uitarii","status":"publish","type":"post","link":"https:\/\/www.schulzentrum-stetten-akm.de\/ro\/impotriva-uitarii\/","title":{"rendered":"\u00cempotriva uit\u0103rii"},"content":{"rendered":"<p>Elevii grupei de religie 9 de la centrul \u0219colar Stetten am kalten Markt s-au dedicat unei perioade \u00eentunecate din istoria local\u0103 atunci c\u00e2nd au vizitat miercurea trecut\u0103 locul memorial al lag\u0103rului de concentrare Heuberg. S\u0103 cunoasc\u0103 ceea ce a adus trecutul comun german \u0219i cum a afectat propria lor \u0219coal\u0103 nu este doar o preocupare \u0219colar\u0103, ci \u0219i una personal\u0103 pentru partenerii de \u00eenv\u0103\u021bare.<\/p>\n<p>Capelanul \u0219colii \u0219i profesorul de educa\u021bie religioas\u0103 Martina Straub, care a ini\u021biat aceast\u0103 plimbare de \u00eenv\u0103\u021bare, \u0219i-a \u00eenso\u021bit grupul de educa\u021bie religioas\u0103 \u00eempreun\u0103 cu Konrektor J\u00fcrgen Lebherz la o ceremonie la memorialul din cimitirul rusesc.<\/p>\n<p>Aici sunt \u00eent\u00e2mpina\u021bi de Walter Sambil, pre\u0219edintele local al asocia\u021biei locale SPD, care se ocup\u0103 de memorial. El este \u00eentotdeauna \u00eenc\u00e2ntat s\u0103 le spun\u0103 tinerilor c\u00e2te ceva despre istoria memorialului.<\/p>\n<p>Atmosfera \u00een aer liber este moderat\u0103, aproape reveren\u021bioas\u0103. Tinerii cet\u0103\u021beni \u00ee\u0219i aprind lum\u00e2narea p\u0103cii, pe care au confec\u021bionat-o \u00een clas\u0103 cu profesoara lor, doamna Straub. Ei las\u0103 cuvintele rug\u0103ciunii pentru pace, care este citit\u0103, s\u0103 se \u00eentip\u0103reasc\u0103. Aceasta face leg\u0103tura \u00eentre plimbarea de \u00eenv\u0103\u021bare de ast\u0103zi \u0219i panoul pentru pace pe care l-au creat recent la ora de religie, unde au decupat porumbei ai p\u0103cii din textele de impuls din Biblie \u0219i i-au pozi\u021bionat \u00een jurul unei medita\u021bii despre pace. \u00a0<\/p>\n<p>\"Dar dac\u0103 vrei pace, trebuie s\u0103 o faci singur\", se spune \u00een document. Contrastul puternic dintre aceste cuvinte \u0219i regimul de nedreptate al celui de-al Treilea Reich este acum clar pentru elevi.<br \/><br \/>Propaganda na\u021bional-socialist\u0103 \u00eei definea pe opozan\u021bii dezagreabili ai guvernului drept criminali \u0219i \u00eei interna la Heuberg, primul lag\u0103r de concentrare german pentru prizonieri politici. Aici, \u00een 1933, peste 2000 de membri ai altor partide, precum \u0219i disiden\u021bi, au fost re\u021binu\u021bi \u0219i supu\u0219i unor tratamente inumane - cel mai important dintre ei fiind Dr. Kurt Schumacher, ulterior lider al SPD.<\/p>\n<p>Grupul, altfel plin de via\u021b\u0103, se lini\u0219te\u0219te brusc. \u0218i unanime \u00een privin\u021ba faptului c\u0103 responsabilitatea istoric\u0103 a fiec\u0103rui cet\u0103\u021bean nu este doar de a p\u0103stra vie memoria, ci \u0219i de a se angaja \u00een ac\u021biuni democratice libere.<\/p>\n<p>Sprijinirea acestui lucru este o preocupare central\u0103 a Centrului \u0218colar Stetten a.k.M.: \"Istoria este \u00eentotdeauna acas\u0103, acolo unde ne afl\u0103m \u0219i unde cresc elevii no\u0219tri. Astfel, semnifica\u021bia acestui loc de \u00eenv\u0103\u021bare aflat \u00een pragul Centrului \u0218colar Stetten a.k.M. trebuie subliniat\u0103 atunci c\u00e2nd este vorba despre tema na\u021bional-socialismului. Acesta \u00eei sensibilizeaz\u0103 pe tineri la aceast\u0103 perspectiv\u0103 local\u0103\", subliniaz\u0103 J\u00fcrgen Lebherz.<\/p>","protected":false},"excerpt":{"rendered":"<p>O perioad\u0103 \u00eentunecat\u0103 a istoriei locale este cea pe care elevii Grupului Religios 9 din cadrul Centrului \u0218colar Stetten am kalten Markt \u0219i-au dedicat-o atunci c\u00e2nd au vizitat miercurea trecut\u0103 locul memorial al lag\u0103rului de concentrare ... <\/p>","protected":false},"author":1,"featured_media":5290,"comment_status":"closed","ping_status":"closed","sticky":false,"template":"","format":"standard","meta":{"footnotes":""},"categories":[1,21],"tags":[],"class_list":["post-5289","post","type-post","status-publish","format-standard","has-post-thumbnail","hentry","category-allgemein","category-exkursionen-und-lerngaenge"],"_links":{"self":[{"href":"https:\/\/www.schulzentrum-stetten-akm.de\/ro\/wp-json\/wp\/v2\/posts\/5289","targetHints":{"allow":["GET"]}}],"collection":[{"href":"https:\/\/www.schulzentrum-stetten-akm.de\/ro\/wp-json\/wp\/v2\/posts"}],"about":[{"href":"https:\/\/www.schulzentrum-stetten-akm.de\/ro\/wp-json\/wp\/v2\/types\/post"}],"author":[{"embeddable":true,"href":"https:\/\/www.schulzentrum-stetten-akm.de\/ro\/wp-json\/wp\/v2\/users\/1"}],"replies":[{"embeddable":true,"href":"https:\/\/www.schulzentrum-stetten-akm.de\/ro\/wp-json\/wp\/v2\/comments?post=5289"}],"version-history":[{"count":1,"href":"https:\/\/www.schulzentrum-stetten-akm.de\/ro\/wp-json\/wp\/v2\/posts\/5289\/revisions"}],"predecessor-version":[{"id":5291,"href":"https:\/\/www.schulzentrum-stetten-akm.de\/ro\/wp-json\/wp\/v2\/posts\/5289\/revisions\/5291"}],"wp:featuredmedia":[{"embeddable":true,"href":"https:\/\/www.schulzentrum-stetten-akm.de\/ro\/wp-json\/wp\/v2\/media\/5290"}],"wp:attachment":[{"href":"https:\/\/www.schulzentrum-stetten-akm.de\/ro\/wp-json\/wp\/v2\/media?parent=5289"}],"wp:term":[{"taxonomy":"category","embeddable":true,"href":"https:\/\/www.schulzentrum-stetten-akm.de\/ro\/wp-json\/wp\/v2\/categories?post=5289"},{"taxonomy":"post_tag","embeddable":true,"href":"https:\/\/www.schulzentrum-stetten-akm.de\/ro\/wp-json\/wp\/v2\/tags?post=5289"}],"curies":[{"name":"wp","href":"https:\/\/api.w.org\/{rel}","templated":true}]}}