{"id":5094,"date":"2021-12-01T07:09:38","date_gmt":"2021-12-01T06:09:38","guid":{"rendered":"https:\/\/www.schulzentrum-stetten-akm.de\/?p=5094"},"modified":"2022-02-16T14:37:19","modified_gmt":"2022-02-16T13:37:19","slug":"piariebl-castiga-concursul-de-lectura","status":"publish","type":"post","link":"https:\/\/www.schulzentrum-stetten-akm.de\/ro\/piariebl-castiga-concursul-de-lectura\/","title":{"rendered":"Pia Riebl c\u00e2\u0219tig\u0103 concursul de lectur\u0103"},"content":{"rendered":"<p>Chiar \u0219i \u00een vremuri de Corona, centrul \u0219colar Stetten a.k.M. depune toate eforturile pentru a continua\npunctele culminante ale vie\u021bii \u0219colare \u00een conformitate cu pandemia, inclusiv cu programul din acest an al\nconcursul de lectur\u0103 din acest an pentru clasa a VI-a. <\/p>\n\n\n\n<p>Jennifer Sieber, Bajramsa Berisa, David Hotz, Maeve Seidel, Simon Horn\nHotz, Maeve Seidel, Simon Horn, Louis Dezmann \u0219i Pia Riebl, care a c\u00e2\u0219tigat cu cel mai mare punctaj.\nPia Riebl, care a fost \u00eencoronat\u0103 c\u00e2\u0219tig\u0103toare a \u0219colii cu cel mai mare num\u0103r de puncte.\nEa poate a\u0219tepta cu ner\u0103bdare concursul districtual de lectur\u0103 de la Sigmaringen. C\u00e2\u0219tig\u0103torii grupurilor de \u00eenv\u0103\u021bare\nJennifer Sieber pentru 6.1 \u0219i Pia Riebl pentru 6.2.<\/p>\n\n\n\n<p>O provocare deosebit\u0103 \u00een acest an a fost cu siguran\u021b\u0103 cititul cu masc\u0103.\ncititul cu masca - pe care to\u021bi participan\u021bii au reu\u0219it s\u0103 o st\u0103p\u00e2neasc\u0103 cu brio. Pe l\u00e2ng\u0103\nl\u00e2ng\u0103 citirea unui pasaj la alegere dintr-o carte preferat\u0103, au trebuit s\u0103 citeasc\u0103 \u0219i un pasaj la alegere dintr-o carte preferat\u0103, au trebuit s\u0103\nPe l\u00e2ng\u0103 un pasaj ales de ei \u00een\u0219i\u0219i dintr-o carte preferat\u0103, au trebuit, de asemenea, s\u0103 citeasc\u0103 timp de dou\u0103 minute dintr-un text necunoscut anterior.<\/p>\n\n\n\n<p>C\u0103r\u021bile prezentate de partenerii de \u00eenv\u0103\u021bare sunt impresionante\nimpresioneaz\u0103 ca literatur\u0103 cunoscut\u0103 \u0219i sofisticat\u0103 \u00een prezent. Pasajele\ndin capitolele din \"Ro\u0219u rubiniu\" de Kerstin Gier sau \"Singur \u00een s\u0103lb\u0103ticie\" de Gary Paulsen au captivat\npustietatea\" au captivat at\u00e2t publicul, c\u00e2t \u0219i juriul. C\u00e2\u0219tig\u0103toarea a dovedit prin alegerea sa\nde \"Gespensterj\u00e4ger\" (V\u00e2n\u0103torii de fantome) de Cornelia Funke a dovedit un gust excelent. <\/p>\n\n\n\n<p>Centrul \u0219colar \u00eei \u021bine pumnii lui Pia \u00een\nSigmaringen!<\/p>","protected":false},"excerpt":{"rendered":"<p>Chiar \u0219i \u00een vremuri de Corona, Centrul \u0218colar Stetten \u0219.a.m.d. depune toate eforturile pentru a continua momentele importante din via\u021ba \u0219colar\u0103 \u00een concordan\u021b\u0103 cu pandemia, cum ar fi concursul de lectur\u0103 din acest an pentru grupele de \u00eenv\u0103\u021bare 6. Participan\u021bii au fost Jennifer Sieber, Bajramsa Berisa, David ... <\/p>","protected":false},"author":1,"featured_media":5095,"comment_status":"closed","ping_status":"closed","sticky":false,"template":"","format":"standard","meta":{"footnotes":""},"categories":[1,22,20],"tags":[],"class_list":["post-5094","post","type-post","status-publish","format-standard","has-post-thumbnail","hentry","category-allgemein","category-schulalltag","category-veranstaltungen"],"_links":{"self":[{"href":"https:\/\/www.schulzentrum-stetten-akm.de\/ro\/wp-json\/wp\/v2\/posts\/5094","targetHints":{"allow":["GET"]}}],"collection":[{"href":"https:\/\/www.schulzentrum-stetten-akm.de\/ro\/wp-json\/wp\/v2\/posts"}],"about":[{"href":"https:\/\/www.schulzentrum-stetten-akm.de\/ro\/wp-json\/wp\/v2\/types\/post"}],"author":[{"embeddable":true,"href":"https:\/\/www.schulzentrum-stetten-akm.de\/ro\/wp-json\/wp\/v2\/users\/1"}],"replies":[{"embeddable":true,"href":"https:\/\/www.schulzentrum-stetten-akm.de\/ro\/wp-json\/wp\/v2\/comments?post=5094"}],"version-history":[{"count":1,"href":"https:\/\/www.schulzentrum-stetten-akm.de\/ro\/wp-json\/wp\/v2\/posts\/5094\/revisions"}],"predecessor-version":[{"id":5096,"href":"https:\/\/www.schulzentrum-stetten-akm.de\/ro\/wp-json\/wp\/v2\/posts\/5094\/revisions\/5096"}],"wp:featuredmedia":[{"embeddable":true,"href":"https:\/\/www.schulzentrum-stetten-akm.de\/ro\/wp-json\/wp\/v2\/media\/5095"}],"wp:attachment":[{"href":"https:\/\/www.schulzentrum-stetten-akm.de\/ro\/wp-json\/wp\/v2\/media?parent=5094"}],"wp:term":[{"taxonomy":"category","embeddable":true,"href":"https:\/\/www.schulzentrum-stetten-akm.de\/ro\/wp-json\/wp\/v2\/categories?post=5094"},{"taxonomy":"post_tag","embeddable":true,"href":"https:\/\/www.schulzentrum-stetten-akm.de\/ro\/wp-json\/wp\/v2\/tags?post=5094"}],"curies":[{"name":"wp","href":"https:\/\/api.w.org\/{rel}","templated":true}]}}