{"id":4988,"date":"2021-10-13T14:31:36","date_gmt":"2021-10-13T12:31:36","guid":{"rendered":"https:\/\/www.schulzentrum-stetten-akm.de\/?p=4988"},"modified":"2022-02-16T14:38:06","modified_gmt":"2022-02-16T13:38:06","slug":"sparge-baloane-pentru-tot-grupul-de-invatare","status":"publish","type":"post","link":"https:\/\/www.schulzentrum-stetten-akm.de\/ro\/sparge-baloane-pentru-tot-grupul-de-invatare\/","title":{"rendered":"Mingi de fotbal pentru pauz\u0103 pentru fiecare grup de \u00eenv\u0103\u021bare"},"content":{"rendered":"<p>Oricine trece prin fa\u021ba centrului \u0219colar Stetten a.k.M. \u00een timpul pauzelor va observa imediat c\u00e2t de mult se bucur\u0103 copiii s\u0103 joace fotbal. <\/p>\n\n\n\n<p>Pentru a sus\u021bine acest lucru,\nreprezentan\u021bii clasei \u0219i ai grupului de studiu au primit propriile mingi de fotbal pentru clas\u0103 \u0219i grup de studiu la prima \u00eent\u00e2lnire SMV.\nVineri, 08.10.2021, propriile lor mingi de fotbal pentru clas\u0103 \u0219i grup de studiu. Acestea\nau fost donate de c\u0103tre \"Prietenii Centrului \u0218colar Stetten a.k.M. e.V.\" \u0219i au fost\n\u0219i \u00eempachetate \u00een pungi frumoase. <\/p>\n\n\n\n<p>Un mare mul\u021bumesc \u00een numele tuturor\n\u00een numele tuturor elevilor pentru minunatele mingi!<\/p>\n\n\n\n<p><em>Articol de Kathrin Hocheder<\/em><\/p>","protected":false},"excerpt":{"rendered":"<p>Oricine trece prin fa\u021ba centrului \u0219colar Stetten a.k.M. \u00een timpul pauzelor va observa imediat c\u00e2t de mult se bucur\u0103 copiii s\u0103 joace fotbal. Pentru a sprijini acest lucru, reprezentan\u021bii claselor \u0219i ai grupurilor de \u00eenv\u0103\u021bare au primit un ... <\/p>","protected":false},"author":1,"featured_media":4989,"comment_status":"closed","ping_status":"closed","sticky":false,"template":"","format":"standard","meta":{"footnotes":""},"categories":[1,25,22],"tags":[],"class_list":["post-4988","post","type-post","status-publish","format-standard","has-post-thumbnail","hentry","category-allgemein","category-ankuendigungen","category-schulalltag"],"_links":{"self":[{"href":"https:\/\/www.schulzentrum-stetten-akm.de\/ro\/wp-json\/wp\/v2\/posts\/4988","targetHints":{"allow":["GET"]}}],"collection":[{"href":"https:\/\/www.schulzentrum-stetten-akm.de\/ro\/wp-json\/wp\/v2\/posts"}],"about":[{"href":"https:\/\/www.schulzentrum-stetten-akm.de\/ro\/wp-json\/wp\/v2\/types\/post"}],"author":[{"embeddable":true,"href":"https:\/\/www.schulzentrum-stetten-akm.de\/ro\/wp-json\/wp\/v2\/users\/1"}],"replies":[{"embeddable":true,"href":"https:\/\/www.schulzentrum-stetten-akm.de\/ro\/wp-json\/wp\/v2\/comments?post=4988"}],"version-history":[{"count":2,"href":"https:\/\/www.schulzentrum-stetten-akm.de\/ro\/wp-json\/wp\/v2\/posts\/4988\/revisions"}],"predecessor-version":[{"id":4991,"href":"https:\/\/www.schulzentrum-stetten-akm.de\/ro\/wp-json\/wp\/v2\/posts\/4988\/revisions\/4991"}],"wp:featuredmedia":[{"embeddable":true,"href":"https:\/\/www.schulzentrum-stetten-akm.de\/ro\/wp-json\/wp\/v2\/media\/4989"}],"wp:attachment":[{"href":"https:\/\/www.schulzentrum-stetten-akm.de\/ro\/wp-json\/wp\/v2\/media?parent=4988"}],"wp:term":[{"taxonomy":"category","embeddable":true,"href":"https:\/\/www.schulzentrum-stetten-akm.de\/ro\/wp-json\/wp\/v2\/categories?post=4988"},{"taxonomy":"post_tag","embeddable":true,"href":"https:\/\/www.schulzentrum-stetten-akm.de\/ro\/wp-json\/wp\/v2\/tags?post=4988"}],"curies":[{"name":"wp","href":"https:\/\/api.w.org\/{rel}","templated":true}]}}