{"id":4957,"date":"2021-09-15T16:09:04","date_gmt":"2021-09-15T14:09:04","guid":{"rendered":"https:\/\/www.schulzentrum-stetten-akm.de\/?p=4957"},"modified":"2024-07-22T19:00:08","modified_gmt":"2024-07-22T17:00:08","slug":"inscrierea-celebrarea-noilor-grupuri-de-invatare-5","status":"publish","type":"post","link":"https:\/\/www.schulzentrum-stetten-akm.de\/ro\/inscrierea-celebrarea-noilor-grupuri-de-invatare-5\/","title":{"rendered":"Ceremonia de \u00eenscriere pentru noile grupe de \u00eenv\u0103\u021bare 5"},"content":{"rendered":"<p>La \u00eenceputul anului \u0219colar, pe 13 septembrie, centrul \u0219colar Stetten a.k.M. a \u00eent\u00e2mpinat 41 de noi parteneri de \u00eenv\u0103\u021bare din grupa de \u00eenv\u0103\u021bare 5 a \u0219colii comunitare din acest an. Directorul Christof Probst \u0219i directorul adjunct J\u00fcrgen Lebherz au \u00eent\u00e2mpinat p\u0103rin\u021bii \u0219i elevii \u00een Alemannenhalle din centrul \u0219colar \u0219i au l\u0103udat realiz\u0103rile substan\u021biale ale \u0219colii, chiar \u0219i \u00een condi\u021bii de pandemie, precum \u0219i personalul didactic motivat, care le va oferi noilor veni\u021bi un start foarte bun \u00een noua lor etap\u0103 a vie\u021bii.<br \/>Cele dou\u0103 grupe de \u00eenv\u0103\u021bare 5 au avut posibilitatea de a explora viitorul lor loc de \u00eenv\u0103\u021bare prin intermediul unui raliu al cl\u0103dirii \u0219colii, care a fost organizat special pentru ele de c\u0103tre grupele de \u00eenv\u0103\u021bare 6, \u00eempreun\u0103 cu doamnele Montalbano \u0219i Ziegler. Fiecare nou partener de \u00eenv\u0103\u021bare a primit un cornet \u0219colar confec\u021bionat de el \u00eensu\u0219i, \u00eenainte de a se \u00eent\u00e2lni cu to\u021bii \u00een sala grupurilor de \u00eenv\u0103\u021bare pentru o prim\u0103 sesiune de cunoa\u0219tere cu facilitatorii grupurilor de \u00eenv\u0103\u021bare, dna Unger \u0219i dna Bosch. \u00centre timp, p\u0103rin\u021bii au fost informa\u021bi de c\u0103tre profesorii doamnei Schmitz, doamnei Wohlleben \u0219i domnului Lebherz despre \u00eenv\u0103\u021barea \u00eentr-o \u0219coal\u0103 comunitar\u0103. Datorit\u0103 diferitelor niveluri de \u00eenv\u0103\u021bare \u0219i a accentului pus pe propria independen\u021b\u0103 \u00een \u00eenv\u0103\u021bare \u0219i munc\u0103, o \u0219coal\u0103 comunitar\u0103 ofer\u0103 tinerilor o alternativ\u0103 profitabil\u0103 ca form\u0103 de \u0219coal\u0103 care se concentreaz\u0103 \u00een special pe oportunit\u0103\u021bile de dezvoltare personal\u0103 a fiec\u0103rui elev \u00een parte.<\/p>\n<p>Anschlie\u00dfend konnten Eltern und Lehrkr\u00e4fte sich bei einem kleinen Imbiss im Elterncaf\u00e9 austauschen, wo sie von Lernpartnern aus Lerngruppe 8 &#8211; Joana Wetterer, Lena Werner, Sarah Ruf, Denise Ciliberto, Kyara Ackermann und Felix Buhl &#8211; zusammen mit ihrer AES-Lehrerin Frau Wolfram herzlich bewirtet wurden.<\/p>","protected":false},"excerpt":{"rendered":"<p>La \u00eenceputul anului \u0219colar, pe 13 septembrie, centrul \u0219colar Stetten a.k.M. a \u00eent\u00e2mpinat 41 de noi parteneri de \u00eenv\u0103\u021bare din grupa de \u00eenv\u0103\u021bare 5 a \u0219colii comunitare din acest an. Directorul Christof Probst \u0219i directorul adjunct J\u00fcrgen Lebherz au \u00eent\u00e2mpinat p\u0103rin\u021bii \u0219i elevii ... <\/p>","protected":false},"author":1,"featured_media":4958,"comment_status":"closed","ping_status":"closed","sticky":false,"template":"","format":"standard","meta":{"footnotes":""},"categories":[1,20],"tags":[],"class_list":["post-4957","post","type-post","status-publish","format-standard","has-post-thumbnail","hentry","category-allgemein","category-veranstaltungen"],"_links":{"self":[{"href":"https:\/\/www.schulzentrum-stetten-akm.de\/ro\/wp-json\/wp\/v2\/posts\/4957","targetHints":{"allow":["GET"]}}],"collection":[{"href":"https:\/\/www.schulzentrum-stetten-akm.de\/ro\/wp-json\/wp\/v2\/posts"}],"about":[{"href":"https:\/\/www.schulzentrum-stetten-akm.de\/ro\/wp-json\/wp\/v2\/types\/post"}],"author":[{"embeddable":true,"href":"https:\/\/www.schulzentrum-stetten-akm.de\/ro\/wp-json\/wp\/v2\/users\/1"}],"replies":[{"embeddable":true,"href":"https:\/\/www.schulzentrum-stetten-akm.de\/ro\/wp-json\/wp\/v2\/comments?post=4957"}],"version-history":[{"count":2,"href":"https:\/\/www.schulzentrum-stetten-akm.de\/ro\/wp-json\/wp\/v2\/posts\/4957\/revisions"}],"predecessor-version":[{"id":7137,"href":"https:\/\/www.schulzentrum-stetten-akm.de\/ro\/wp-json\/wp\/v2\/posts\/4957\/revisions\/7137"}],"wp:featuredmedia":[{"embeddable":true,"href":"https:\/\/www.schulzentrum-stetten-akm.de\/ro\/wp-json\/wp\/v2\/media\/4958"}],"wp:attachment":[{"href":"https:\/\/www.schulzentrum-stetten-akm.de\/ro\/wp-json\/wp\/v2\/media?parent=4957"}],"wp:term":[{"taxonomy":"category","embeddable":true,"href":"https:\/\/www.schulzentrum-stetten-akm.de\/ro\/wp-json\/wp\/v2\/categories?post=4957"},{"taxonomy":"post_tag","embeddable":true,"href":"https:\/\/www.schulzentrum-stetten-akm.de\/ro\/wp-json\/wp\/v2\/tags?post=4957"}],"curies":[{"name":"wp","href":"https:\/\/api.w.org\/{rel}","templated":true}]}}