{"id":4509,"date":"2021-01-13T20:33:48","date_gmt":"2021-01-13T19:33:48","guid":{"rendered":"https:\/\/www.schulzentrum-stetten-akm.de\/?p=4509"},"modified":"2024-04-08T14:09:18","modified_gmt":"2024-04-08T12:09:18","slug":"anmeldung-an-den-beruflichen-schulen-bewo","status":"publish","type":"post","link":"https:\/\/www.schulzentrum-stetten-akm.de\/ro\/anmeldung-an-den-beruflichen-schulen-bewo\/","title":{"rendered":"\u00censcrierea la \u0219colile profesionale - BeWO"},"content":{"rendered":"<p>\u00censcrierea la un liceu profesional sau la un colegiu profesional se face prin intermediul urm\u0103torului link:\u00a0<a href=\"https:\/\/bewo.kultus-bw.de\/BewO\">https:\/\/bewo.kultus-bw.de\/BewO<\/a><br>\u00cenregistrarea este posibil\u0103 \u00eencep\u00e2nd cu 25.01. 2021. Pentru o \u00eenscriere \u00een timp util, documentele trebuie depuse la \u0219coala respectiv\u0103 p\u00e2n\u0103 la 1 martie.<\/p>","protected":false},"excerpt":{"rendered":"<p>\u00censcrierea la un liceu profesional sau la un colegiu profesional se face prin intermediul urm\u0103torului link: https:\/\/bewo.kultus-bw.de\/BewOEine. \u00censcrierea este posibil\u0103 \u00eencep\u00e2nd cu 25.01. 2021. Pentru o \u00eenscriere \u00een timp util, documentele trebuie depuse p\u00e2n\u0103 la data de 1 ... <\/p>","protected":false},"author":1,"featured_media":0,"comment_status":"open","ping_status":"open","sticky":false,"template":"","format":"standard","meta":{"footnotes":""},"categories":[44,1,25],"tags":[],"class_list":["post-4509","post","type-post","status-publish","format-standard","hentry","category-berufsorientierung","category-allgemein","category-ankuendigungen"],"_links":{"self":[{"href":"https:\/\/www.schulzentrum-stetten-akm.de\/ro\/wp-json\/wp\/v2\/posts\/4509","targetHints":{"allow":["GET"]}}],"collection":[{"href":"https:\/\/www.schulzentrum-stetten-akm.de\/ro\/wp-json\/wp\/v2\/posts"}],"about":[{"href":"https:\/\/www.schulzentrum-stetten-akm.de\/ro\/wp-json\/wp\/v2\/types\/post"}],"author":[{"embeddable":true,"href":"https:\/\/www.schulzentrum-stetten-akm.de\/ro\/wp-json\/wp\/v2\/users\/1"}],"replies":[{"embeddable":true,"href":"https:\/\/www.schulzentrum-stetten-akm.de\/ro\/wp-json\/wp\/v2\/comments?post=4509"}],"version-history":[{"count":1,"href":"https:\/\/www.schulzentrum-stetten-akm.de\/ro\/wp-json\/wp\/v2\/posts\/4509\/revisions"}],"predecessor-version":[{"id":4510,"href":"https:\/\/www.schulzentrum-stetten-akm.de\/ro\/wp-json\/wp\/v2\/posts\/4509\/revisions\/4510"}],"wp:attachment":[{"href":"https:\/\/www.schulzentrum-stetten-akm.de\/ro\/wp-json\/wp\/v2\/media?parent=4509"}],"wp:term":[{"taxonomy":"category","embeddable":true,"href":"https:\/\/www.schulzentrum-stetten-akm.de\/ro\/wp-json\/wp\/v2\/categories?post=4509"},{"taxonomy":"post_tag","embeddable":true,"href":"https:\/\/www.schulzentrum-stetten-akm.de\/ro\/wp-json\/wp\/v2\/tags?post=4509"}],"curies":[{"name":"wp","href":"https:\/\/api.w.org\/{rel}","templated":true}]}}