{"id":4472,"date":"2020-12-15T21:19:38","date_gmt":"2020-12-15T20:19:38","guid":{"rendered":"https:\/\/www.schulzentrum-stetten-akm.de\/?p=4472"},"modified":"2024-03-21T07:49:30","modified_gmt":"2024-03-21T06:49:30","slug":"soci-news-2","status":"publish","type":"post","link":"https:\/\/www.schulzentrum-stetten-akm.de\/ro\/soci-news-2\/","title":{"rendered":"\u0218tiri sociale"},"content":{"rendered":"<p>Exist\u0103 o nou\u0103 scrisoare de la \u0219coala primar\u0103 \u0219i informa\u021bii pentru p\u0103rin\u021bi pentru noua \u00eencuviin\u021bare.<br>Le ve\u021bi g\u0103si la rubrica \"<a href=\"https:\/\/www.schulzentrum-stetten-akm.de\/ro\/soci-news\/\" target=\"_blank\" rel=\"noreferrer noopener\" aria-label=\"\u0218tiri sociale (se deschide \u00eentr-o nou\u0103 fil\u0103)\">\u0218tiri sociale<\/a>\" pe pagina de asisten\u021b\u0103 social\u0103 a \u0219colii noastre \u0219i \u00een <a href=\"https:\/\/www.schulzentrum-stetten-akm.de\/ro\/descarcari\/\" target=\"_blank\" rel=\"noreferrer noopener\" aria-label=\"Zona de desc\u0103rcare (se deschide \u00eentr-o fil\u0103 nou\u0103)\">Zona de desc\u0103rcare<\/a>.<br><br>\u00cen ciuda tuturor acestor lucruri, v\u0103 urez vou\u0103 \u0219i alor vo\u0219tri un minunat sezon de Advent \u0219i un nou an calendaristic fericit.<br>Cu stim\u0103<\/p>\n\n\n\n<p>Doamna Schmitz <\/p>","protected":false},"excerpt":{"rendered":"<p>Pentru noua \u00eencuviin\u021bare, exist\u0103 un nou buletin informativ al \u0219colii primare \u0219i informa\u021bii pentru p\u0103rin\u021bi, pe care le pute\u021bi g\u0103si la rubrica \"Nout\u0103\u021bi sociale\" pe pagina de asisten\u021b\u0103 social\u0103 a \u0219colii noastre \u0219i \u00een zona de desc\u0103rcare. V\u0103 doresc ... <\/p>","protected":false},"author":1,"featured_media":1419,"comment_status":"closed","ping_status":"closed","sticky":false,"template":"","format":"standard","meta":{"footnotes":""},"categories":[1,26],"tags":[],"class_list":["post-4472","post","type-post","status-publish","format-standard","has-post-thumbnail","hentry","category-allgemein","category-schulsozialarbeit"],"_links":{"self":[{"href":"https:\/\/www.schulzentrum-stetten-akm.de\/ro\/wp-json\/wp\/v2\/posts\/4472","targetHints":{"allow":["GET"]}}],"collection":[{"href":"https:\/\/www.schulzentrum-stetten-akm.de\/ro\/wp-json\/wp\/v2\/posts"}],"about":[{"href":"https:\/\/www.schulzentrum-stetten-akm.de\/ro\/wp-json\/wp\/v2\/types\/post"}],"author":[{"embeddable":true,"href":"https:\/\/www.schulzentrum-stetten-akm.de\/ro\/wp-json\/wp\/v2\/users\/1"}],"replies":[{"embeddable":true,"href":"https:\/\/www.schulzentrum-stetten-akm.de\/ro\/wp-json\/wp\/v2\/comments?post=4472"}],"version-history":[{"count":1,"href":"https:\/\/www.schulzentrum-stetten-akm.de\/ro\/wp-json\/wp\/v2\/posts\/4472\/revisions"}],"predecessor-version":[{"id":4473,"href":"https:\/\/www.schulzentrum-stetten-akm.de\/ro\/wp-json\/wp\/v2\/posts\/4472\/revisions\/4473"}],"wp:featuredmedia":[{"embeddable":true,"href":"https:\/\/www.schulzentrum-stetten-akm.de\/ro\/wp-json\/wp\/v2\/media\/1419"}],"wp:attachment":[{"href":"https:\/\/www.schulzentrum-stetten-akm.de\/ro\/wp-json\/wp\/v2\/media?parent=4472"}],"wp:term":[{"taxonomy":"category","embeddable":true,"href":"https:\/\/www.schulzentrum-stetten-akm.de\/ro\/wp-json\/wp\/v2\/categories?post=4472"},{"taxonomy":"post_tag","embeddable":true,"href":"https:\/\/www.schulzentrum-stetten-akm.de\/ro\/wp-json\/wp\/v2\/tags?post=4472"}],"curies":[{"name":"wp","href":"https:\/\/api.w.org\/{rel}","templated":true}]}}