{"id":4416,"date":"2020-12-04T09:42:44","date_gmt":"2020-12-04T08:42:44","guid":{"rendered":"https:\/\/www.schulzentrum-stetten-akm.de\/?p=4416"},"modified":"2021-02-15T11:59:15","modified_gmt":"2021-02-15T10:59:15","slug":"digital-andacht-am-schulzentrum-in-der-adventzeit","status":"publish","type":"post","link":"https:\/\/www.schulzentrum-stetten-akm.de\/ro\/digital-andacht-am-schulzentrum-in-der-adventzeit\/","title":{"rendered":"Devo\u021biune digital\u0103 la centrul \u0219colar \u00een timpul Adventului"},"content":{"rendered":"<p>Ideea a fost de a preg\u0103ti o mic\u0103 devo\u021biune digital\u0103 pentru partenerii de \u00eenv\u0103\u021bare \u0219i elevi pe trei teme: speran\u021b\u0103, lumin\u0103 \u0219i iubire, \u00een loc de o slujb\u0103 religioas\u0103. Doamna Jana Wohlleben, care a luat ini\u021biativa, a decis \u00eempreun\u0103 cu grupul de elevi s\u0103 aleag\u0103 tema speran\u021bei, deoarece se potrive\u0219te deosebit de bine \u00een aceast\u0103 perioad\u0103. \u00cen cadrul lec\u021biilor de educa\u021bie religioas\u0103, partenerii de \u00eenv\u0103\u021bare din clasa a \u0219aptea au scris apoi, \u00een mod anonim, o fraz\u0103 pe tema speran\u021bei. Singura cerin\u021b\u0103 a fost ca fraza s\u0103 fie din lumea partenerilor de \u00eenv\u0103\u021bare, astfel \u00eenc\u00e2t \u0219i colegii lor s\u0103 se simt\u0103 aborda\u021bi. Ca versuri a fost ales un c\u00e2ntec cunoscut al unui rapper german. \u00cempreun\u0103, profesorul \u0219i partenerul de \u00eenv\u0103\u021bare au c\u0103utat module de text adecvate pe internet \u0219i apoi au formulat pasajele de text \u00eentre versurile c\u00e2ntecului. Max Maag, Philip Kuhn, John Hermann, Florian Adler, Sarah Rieger, Bogdan Iovan \u0219i Matty Mattes din grupele de \u00eenv\u0103\u021bare 7, 8 \u0219i 9 au fost implica\u021bi \u00een implementarea tehnic\u0103 pe tablet\u0103. De asemenea, ei au \u00eenregistrat textele. Piesa final\u0103 a fost un aforism de Oscar Wilde, pe care grupul l-a rostit \u00eempreun\u0103.  <\/p>\n\n\n\n<p><a href=\"https:\/\/www.schulzentrum-stetten-akm.de\/ro\/andacht-fertig-neu\/\">Asculta\u021bi devo\u021biunea din 1.12.<\/a> <br \/><a href=\"https:\/\/www.schulzentrum-stetten-akm.de\/wp-content\/uploads\/2020\/12\/Andacht-Liebe-1.mp3\">Asculta\u021bi devo\u021biunea din 7.12.<\/a><br \/><a href=\"https:\/\/www.schulzentrum-stetten-akm.de\/wp-content\/uploads\/2020\/12\/Weihnachtsandacht.mp3\">Asculta\u021bi devo\u021biunea din 14.12.<\/a><\/p>","protected":false},"excerpt":{"rendered":"<p>Ideea a fost de a preg\u0103ti o mic\u0103 devo\u021biune digital\u0103 pentru partenerii de \u00eenv\u0103\u021bare \u0219i elevi pe trei teme: speran\u021b\u0103, lumin\u0103 \u0219i iubire, \u00een loc de o slujb\u0103 religioas\u0103. Doamna Jana ... <\/p>","protected":false},"author":1,"featured_media":4434,"comment_status":"closed","ping_status":"closed","sticky":false,"template":"","format":"standard","meta":{"footnotes":""},"categories":[1,22],"tags":[],"class_list":["post-4416","post","type-post","status-publish","format-standard","has-post-thumbnail","hentry","category-allgemein","category-schulalltag"],"_links":{"self":[{"href":"https:\/\/www.schulzentrum-stetten-akm.de\/ro\/wp-json\/wp\/v2\/posts\/4416","targetHints":{"allow":["GET"]}}],"collection":[{"href":"https:\/\/www.schulzentrum-stetten-akm.de\/ro\/wp-json\/wp\/v2\/posts"}],"about":[{"href":"https:\/\/www.schulzentrum-stetten-akm.de\/ro\/wp-json\/wp\/v2\/types\/post"}],"author":[{"embeddable":true,"href":"https:\/\/www.schulzentrum-stetten-akm.de\/ro\/wp-json\/wp\/v2\/users\/1"}],"replies":[{"embeddable":true,"href":"https:\/\/www.schulzentrum-stetten-akm.de\/ro\/wp-json\/wp\/v2\/comments?post=4416"}],"version-history":[{"count":7,"href":"https:\/\/www.schulzentrum-stetten-akm.de\/ro\/wp-json\/wp\/v2\/posts\/4416\/revisions"}],"predecessor-version":[{"id":4480,"href":"https:\/\/www.schulzentrum-stetten-akm.de\/ro\/wp-json\/wp\/v2\/posts\/4416\/revisions\/4480"}],"wp:featuredmedia":[{"embeddable":true,"href":"https:\/\/www.schulzentrum-stetten-akm.de\/ro\/wp-json\/wp\/v2\/media\/4434"}],"wp:attachment":[{"href":"https:\/\/www.schulzentrum-stetten-akm.de\/ro\/wp-json\/wp\/v2\/media?parent=4416"}],"wp:term":[{"taxonomy":"category","embeddable":true,"href":"https:\/\/www.schulzentrum-stetten-akm.de\/ro\/wp-json\/wp\/v2\/categories?post=4416"},{"taxonomy":"post_tag","embeddable":true,"href":"https:\/\/www.schulzentrum-stetten-akm.de\/ro\/wp-json\/wp\/v2\/tags?post=4416"}],"curies":[{"name":"wp","href":"https:\/\/api.w.org\/{rel}","templated":true}]}}