{"id":4109,"date":"2020-07-26T15:53:48","date_gmt":"2020-07-26T13:53:48","guid":{"rendered":"https:\/\/www.schulzentrum-stetten-akm.de\/?p=4109"},"modified":"2024-04-09T18:20:48","modified_gmt":"2024-04-09T16:20:48","slug":"schulzentrum-stetten-a-k-m-erhaelt-begehrte-auszeichnung","status":"publish","type":"post","link":"https:\/\/www.schulzentrum-stetten-akm.de\/ro\/schulzentrum-stetten-a-k-m-erhaelt-begehrte-auszeichnung\/","title":{"rendered":"Centrul \u0219colar Stetten a.k.M. prime\u0219te un premiu r\u00e2vnit"},"content":{"rendered":"<p class=\"has-medium-font-size\">\u0218coala comunitar\u0103 este o \u0219coal\u0103 secundar\u0103 certificat\u0103, cu accent pe sport \u0219i educa\u021bie fizic\u0103.<\/p>\n\n\n\n<p class=\"has-small-font-size\">De Annemarie Ziegler<\/p>\n\n\n\n<figure id=\"attachment_4111\" aria-describedby=\"caption-attachment-4111\" style=\"width: 300px\" class=\"wp-caption alignleft\"><a href=\"https:\/\/www.schulzentrum-stetten-akm.de\/wp-content\/uploads\/2020\/07\/Bild-2--scaled.jpg\"><img loading=\"lazy\" decoding=\"async\" class=\"wp-image-4111 size-medium\" src=\"https:\/\/www.schulzentrum-stetten-akm.de\/wp-content\/uploads\/2020\/07\/Bild-2--300x207.jpg\" alt=\"\" width=\"300\" height=\"207\" srcset=\"https:\/\/www.schulzentrum-stetten-akm.de\/wp-content\/uploads\/2020\/07\/Bild-2--300x207.jpg 300w, https:\/\/www.schulzentrum-stetten-akm.de\/wp-content\/uploads\/2020\/07\/Bild-2--1024x706.jpg 1024w, https:\/\/www.schulzentrum-stetten-akm.de\/wp-content\/uploads\/2020\/07\/Bild-2--768x530.jpg 768w, https:\/\/www.schulzentrum-stetten-akm.de\/wp-content\/uploads\/2020\/07\/Bild-2--1536x1060.jpg 1536w, https:\/\/www.schulzentrum-stetten-akm.de\/wp-content\/uploads\/2020\/07\/Bild-2--scaled.jpg 2048w\" sizes=\"auto, (max-width: 300px) 100vw, 300px\" \/><\/a><figcaption id=\"caption-attachment-4111\" class=\"wp-caption-text\">Parteneri de \u00eenv\u0103\u021bare vizibil implica\u021bi \u00een ac\u021biune.<\/figcaption><\/figure>\n<p>Exerci\u021biile fizice \u00een via\u021ba \u0219colar\u0103 de zi cu zi au fost o prioritate major\u0103 la centrul \u0219colar din Stetten am kalten Markt de ani de zile. Aici, comunitatea \u0219colar\u0103 tr\u0103ie\u0219te dup\u0103 crezul c\u0103 nu poate avea loc o \u00eenv\u0103\u021bare de succes \u00een minte dac\u0103 nu se asigur\u0103 \u00een acela\u0219i timp bun\u0103starea fizic\u0103. Din acest motiv, un grup de conducere format din colegi dedica\u021bi, \u00eempreun\u0103 cu Konrektor J\u00fcrgen Lebherz, a lucrat timp de doi ani pentru a profesionaliza accentul pe educa\u021bia prin mi\u0219care a institu\u021biei \u0219i a participat la ini\u021biativa GSB\/WSB-Schule. Din acest an, \u0219coala se poate bucura de un premiu de cinci ani.<\/p>\n\n\n\n<p>Directorul Klaus Flockerzie este deosebit de m\u00e2ndru de acest lucru, deoarece el a fost cel care a ini\u021biat proiectul \"Bewegte Schule\" \u00een Baden-W\u00fcrttemberg \u00een 1996, \u00een numele ministrului educa\u021biei de atunci, Dr. Marianne Schultz-Hector, \u00eempreun\u0103 cu directorul pensionar Hartmut Schrenk, \u0219i l-a umplut de con\u021binut. \"Este pl\u0103cut s\u0103 vezi\", spune Flockerzie, \"c\u0103 instala\u021bia de licita\u021bie \"Bewegte Schule\" a devenit un concept \u0219colar ferm stabilit\" care a f\u0103cut \u0219colile mai bune \u0219i, mai ales, mai prietenoase cu copiii \u00een toat\u0103 Germania .Pe l\u00e2ng\u0103 formarea func\u021biilor executive, educa\u021bia prin mi\u0219care formeaz\u0103 o \u00eenv\u0103\u021bare holistic\u0103 cu toate sim\u021burile \u0219i reduce dificult\u0103\u021bile de comportament prin compensare fizic\u0103. \u00cen plus, alternan\u021ba dintre activit\u0103\u021bile de mi\u0219care, fazele de \u00eenv\u0103\u021bare \u0219i odihna integrat\u0103 sparge monotonia unei zile lungi de \u0219coal\u0103.<\/p>\n\n\n\n<p>Grupul de coordonare, format din profesorii Andrea Ruda, Maria Montalbano, Sandra Sp\u00e4th \u0219i Kathrin Spr\u00f6der, a reu\u0219it s\u0103 ob\u021bin\u0103 rapid aprobarea comitetelor interne ale \u0219colii pentru acest proiect de doi ani. Apoi a \u00eenceput o serie de cursuri de formare intern\u0103 a \u0219colii pe baza elementelor de baz\u0103 ale BMS: \"Nu numai noi, ca grup de conducere, ci \u0219i \u00eentregul corp profesoral a fost instruit cu privire la con\u021binutul lec\u021biilor de mi\u0219care\", ne spune Andrea Ruda. \"\u00cen cadrul diferitelor ateliere, colegii au fost instrui\u021bi cum s\u0103 integreze mi\u0219carea \u00een lec\u021biile lor\", continu\u0103 Ruda. \"Ne-am distrat de asemenea foarte bine: profesorii au exersat formele de joc \u0219i de \u00eenv\u0103\u021bare ei \u00een\u0219i\u0219i ca \u0219i elevii, uneori chicotind ca \u0219i elevii lor.\" Dup\u0103 aceea, au discutat \u00eempreun\u0103 de ce are sens s\u0103 conceap\u0103 con\u021binutul lec\u021biilor \u00eentr-un mod mi\u0219c\u0103tor. \u00cen cele din urm\u0103, proiectul a fost fixat prin elaborarea \u0219i implementarea unei documenta\u021bii \u0219colare.<\/p>\n<figure id=\"attachment_4110\" aria-describedby=\"caption-attachment-4110\" style=\"width: 300px\" class=\"wp-caption aligncenter\"><a href=\"https:\/\/www.schulzentrum-stetten-akm.de\/wp-content\/uploads\/2020\/07\/Bild-1-scaled.jpg\"><img loading=\"lazy\" decoding=\"async\" class=\"wp-image-4110 size-medium\" src=\"https:\/\/www.schulzentrum-stetten-akm.de\/wp-content\/uploads\/2020\/07\/Bild-1-300x185.jpg\" alt=\"\" width=\"300\" height=\"185\" srcset=\"https:\/\/www.schulzentrum-stetten-akm.de\/wp-content\/uploads\/2020\/07\/Bild-1-300x185.jpg 300w, https:\/\/www.schulzentrum-stetten-akm.de\/wp-content\/uploads\/2020\/07\/Bild-1-1024x631.jpg 1024w, https:\/\/www.schulzentrum-stetten-akm.de\/wp-content\/uploads\/2020\/07\/Bild-1-768x473.jpg 768w, https:\/\/www.schulzentrum-stetten-akm.de\/wp-content\/uploads\/2020\/07\/Bild-1-1536x946.jpg 1536w, https:\/\/www.schulzentrum-stetten-akm.de\/wp-content\/uploads\/2020\/07\/Bild-1-scaled.jpg 2048w\" sizes=\"auto, (max-width: 300px) 100vw, 300px\" \/><\/a><figcaption id=\"caption-attachment-4110\" class=\"wp-caption-text\">Sesiune de antrenament cu Julio Becerra.<\/figcaption><\/figure>\n\n\n\n<h3 class=\"wp-block-heading\">Cei mai buni factori de localizare<\/h3>\n\n\n\n<p>Centrul \u0219colar dispune de cele mai bune condi\u021bii pentru o gam\u0103 larg\u0103 de activit\u0103\u021bi sportive. \u00cen mijlocul unei zone verzi extinse, exist\u0103 o sal\u0103 de sport cu trei sec\u021biuni, cu gazon artificial adiacent \u0219i teren de baschet, o piscin\u0103 acoperit\u0103 \u00een imediata vecin\u0103tate, precum \u0219i o sal\u0103 de sport care poate fi folosit\u0103 pentru sporturi de \u00eenclina\u021bie prin cooperarea cu TSV Stetten a.k.M.. De asemenea, For\u021bele armate germane, \u00een calitate de partener extra\u0219colar, ofer\u0103 centrului \u0219colar oportunit\u0103\u021bi de cooperare pentru educa\u021bie fizic\u0103. Sporturile cu factor de distrac\u021bie sunt posibile pe terenul de joac\u0103 din fa\u021ba centrului \u0219colar, care ofer\u0103, de asemenea, un teren de volei pe plaj\u0103 \u0219i rampe pentru patine \u00een linie.<\/p>\n\n\n\n<p>Besondere personelle Unterst\u00fctzung erf\u00e4hrt das WSB-Konzept durch den Sportp\u00e4dagogen Julio Becerra, der an der Universit\u00e4t Santiago de Chile ausgebildet wurde.&nbsp;Inhaltlich werden im Schuljahr feste Pflichtveranstaltungen wie der Wintersporttag, die Bundesjugendspiele, Skiausfahrten und erlebnisp\u00e4dagogische Bausteine auf Lerngruppenfahrten integriert. Neu hinzugekommen sind ausgeschilderte Bewegungspl\u00e4tze, auf denen die Schulsportmentoren die Arbeit der Lehrkr\u00e4fte unterst\u00fctzen und f\u00fcr die Lernpartner wichtige Vorbilder sind.<\/p>\n\n\n\n<h3 class=\"wp-block-heading\">\u00cen drum spre o \u0219coal\u0103 \u00een mi\u0219care<\/h3>\n\n\n\n<p>Una dintre cele mai mari provoc\u0103ri a fost crearea unor spa\u021bii de \u00eenv\u0103\u021bare care s\u0103 fie potrivite pentru activitatea fizic\u0103, deoarece nu toate s\u0103lile de \u0219coal\u0103 ofer\u0103 condi\u021bii optime pentru aceasta. \u00cen viitor, conceptul de&nbsp;<em>\"parcheaz\u0103 \u0219i mergi pe jos\"<\/em>&nbsp;Traseul \u0219colar al partenerilor de \u00eenv\u0103\u021bare ar trebui s\u0103 fie integrat \u00een mod con\u0219tient ca un profil de mi\u0219care \u0219i s\u0103 contribuie la evitarea p\u0103rin\u021bilor care \u00ee\u0219i conduc copiii cu \u0219oferul p\u00e2n\u0103 la u\u0219a din fa\u021b\u0103.<br><br>\"Efortul a dat roade\", rezum\u0103 Maria Montalbano. \"Mai presus de toate, fazele de lini\u0219te meditativ\u0103 sunt foarte bine acceptate \u0219i creeaz\u0103 o atmosfer\u0103 favorabil\u0103 \u00eenv\u0103\u021b\u0103rii. \u00cen plus, comportamentul social \u00een cadrul grupului de \u00eenv\u0103\u021bare este clar promovat atunci c\u00e2nd oamenii interac\u021bioneaz\u0103 mai mult unii cu al\u021bii, iar mentorii sportivi \u00eempart responsabilitatea pentru grupul de \u00eenv\u0103\u021bare.\"<br><br>Noul certificat atest\u0103 acum \u00een mod oficial ceea ce cunoscu\u021bii \u0219tiau de ceva timp:&nbsp;<br>aceasta este o \u0219coal\u0103 excelent\u0103!<br><br><\/p>","protected":false},"excerpt":{"rendered":"<p>\u0218coala comunit\u0103\u021bii este o \u0219coal\u0103 secundar\u0103 certificat\u0103 care pune accentul pe sport \u0219i educa\u021bie fizic\u0103 De Annemarie Ziegler Activitatea fizic\u0103 \u00een via\u021ba \u0219colar\u0103 de zi cu zi a fost foarte important\u0103 \u00een centrul \u0219colar din Stetten am kalten Markt de ani de zile. ... <\/p>","protected":false},"author":1,"featured_media":4112,"comment_status":"closed","ping_status":"closed","sticky":false,"template":"","format":"standard","meta":{"footnotes":""},"categories":[1],"tags":[],"class_list":["post-4109","post","type-post","status-publish","format-standard","has-post-thumbnail","hentry","category-allgemein"],"_links":{"self":[{"href":"https:\/\/www.schulzentrum-stetten-akm.de\/ro\/wp-json\/wp\/v2\/posts\/4109","targetHints":{"allow":["GET"]}}],"collection":[{"href":"https:\/\/www.schulzentrum-stetten-akm.de\/ro\/wp-json\/wp\/v2\/posts"}],"about":[{"href":"https:\/\/www.schulzentrum-stetten-akm.de\/ro\/wp-json\/wp\/v2\/types\/post"}],"author":[{"embeddable":true,"href":"https:\/\/www.schulzentrum-stetten-akm.de\/ro\/wp-json\/wp\/v2\/users\/1"}],"replies":[{"embeddable":true,"href":"https:\/\/www.schulzentrum-stetten-akm.de\/ro\/wp-json\/wp\/v2\/comments?post=4109"}],"version-history":[{"count":2,"href":"https:\/\/www.schulzentrum-stetten-akm.de\/ro\/wp-json\/wp\/v2\/posts\/4109\/revisions"}],"predecessor-version":[{"id":6811,"href":"https:\/\/www.schulzentrum-stetten-akm.de\/ro\/wp-json\/wp\/v2\/posts\/4109\/revisions\/6811"}],"wp:featuredmedia":[{"embeddable":true,"href":"https:\/\/www.schulzentrum-stetten-akm.de\/ro\/wp-json\/wp\/v2\/media\/4112"}],"wp:attachment":[{"href":"https:\/\/www.schulzentrum-stetten-akm.de\/ro\/wp-json\/wp\/v2\/media?parent=4109"}],"wp:term":[{"taxonomy":"category","embeddable":true,"href":"https:\/\/www.schulzentrum-stetten-akm.de\/ro\/wp-json\/wp\/v2\/categories?post=4109"},{"taxonomy":"post_tag","embeddable":true,"href":"https:\/\/www.schulzentrum-stetten-akm.de\/ro\/wp-json\/wp\/v2\/tags?post=4109"}],"curies":[{"name":"wp","href":"https:\/\/api.w.org\/{rel}","templated":true}]}}