{"id":3933,"date":"2020-06-19T18:21:53","date_gmt":"2020-06-19T16:21:53","guid":{"rendered":"https:\/\/www.schulzentrum-stetten-akm.de\/?p=3933"},"modified":"2020-07-21T11:07:07","modified_gmt":"2020-07-21T09:07:07","slug":"pilot-proiect-compasiune-de-centru-scolar-stetten-a-k-m","status":"publish","type":"post","link":"https:\/\/www.schulzentrum-stetten-akm.de\/ro\/pilot-proiect-compasiune-de-centru-scolar-stetten-a-k-m\/","title":{"rendered":"Proiectul pilot COMPASSION al centrului \u0219colar Stetten a.k.M."},"content":{"rendered":"<p class=\"has-text-align-center has-large-font-size\">Str\u0103lucirea din ochii copilului<\/p>\n\n\n\n<p class=\"has-text-align-center has-small-font-size\">Annemarie Ziegler<\/p>\n\n\n\n<p>Pe fondul cre\u0219terii vizibile a r\u0103celii sociale \u00een societatea noastr\u0103, capelanul \u0219colar \u0219i profesorul de religie Martina Straub de la centrul \u0219colar Stetten a.k.M. d\u0103 un semn clar de umanitate: anul acesta a ini\u021biat proiectul COMPASIUNE \u00een cadrul unui test pilot cu partenerii de \u00eenv\u0103\u021bare din grupa de \u00eenv\u0103\u021bare 10, care are ca scop sensibilizarea elevilor \u00een ceea ce prive\u0219te rela\u021biile cu persoanele care au nevoie de ajutor. Succesul proiectului ei \u00eei d\u0103 dreptate Martinei Straub: angajamentul social este o competen\u021b\u0103 la fel de important\u0103 ca \u0219i certificatul de absolvire a \u0219colii \u0219i educ\u0103 o persoan\u0103 \u00een mod holistic.<\/p>\n<p>COMPASSION a fost lansat ca proiect de \u00eenv\u0103\u021bare social\u0103 de c\u0103tre un grup de lucru al Conferin\u021bei Episcopale Germane \u0219i al Funda\u021biei \u0218colare a Arhiepiscopiei de Freiburg. Scopul a fost acela de a le oferi elevilor o perspectiv\u0103 asupra diferitelor institu\u021bii sociale, cum ar fi c\u0103minele de b\u0103tr\u00e2ni, gr\u0103dini\u021bele sau organiza\u021biile caritabile, pe durata unui stagiu de practic\u0103, pentru a le oferi posibilitatea de a dob\u00e2ndi propria experien\u021b\u0103 \u00een rela\u021bia cu persoanele defavorizate \u0219i pentru a-\u0219i consolida empatia. \u00cen 2002, COMPASSION a primit premiul Alcuin al Asocia\u021biei Europene a P\u0103rin\u021bilor \u0219i corespunde proiectului orientat spre o tem\u0103, Angajament social, care a fost ancorat \u00een planul educa\u021bional pentru \u0219colile secundare din Baden-W\u00fcrttemberg \u00een 2004.<\/p>\n<p>Adaptat la condi\u021biile locale din comuna Stetten a.k.M., primul grup COMPASSION a \u00eenceput \u00een ianuarie 2020, cu o sfer\u0103 de opt ore de \u00eengrijire pentru persoanele care au nevoie de ajutor din propriul mediu. Rudele, prietenii \u0219i cunoscu\u021bii au fost \u00eenso\u021bi\u021bi \u0219i sus\u021binu\u021bi \u00een drumul lor uneori dificil prin via\u021b\u0103. Partenerii de \u00eenv\u0103\u021bare au notat cuno\u0219tin\u021bele dob\u00e2ndite \u00eentr-o documenta\u021bie obligatorie, care con\u021binea o descriere a sprijinului oferit, precum \u0219i propria lor reflec\u021bie. Pe aceast\u0103 baz\u0103, la sf\u00e2r\u0219itul perioadei de COMPASSION a avut loc o discu\u021bie \u00een clas\u0103, \u00een care experien\u021bele elevilor, unele dintre ele drastice, au fost prelucrate \u00een mod profesionist.<\/p>\n<figure id=\"attachment_3931\" aria-describedby=\"caption-attachment-3931\" style=\"width: 300px\" class=\"wp-caption aligncenter\"><a href=\"https:\/\/www.schulzentrum-stetten-akm.de\/wp-content\/uploads\/2020\/06\/Bild-2-Sch\u00fclerdokumentationen--scaled.jpg\"><img loading=\"lazy\" decoding=\"async\" class=\"wp-image-3931 size-medium\" src=\"https:\/\/www.schulzentrum-stetten-akm.de\/wp-content\/uploads\/2020\/06\/Bild-2-Sch\u00fclerdokumentationen--300x241.jpg\" alt=\"\" width=\"300\" height=\"241\" srcset=\"https:\/\/www.schulzentrum-stetten-akm.de\/wp-content\/uploads\/2020\/06\/Bild-2-Sch\u00fclerdokumentationen--300x241.jpg 300w, https:\/\/www.schulzentrum-stetten-akm.de\/wp-content\/uploads\/2020\/06\/Bild-2-Sch\u00fclerdokumentationen--1024x822.jpg 1024w, https:\/\/www.schulzentrum-stetten-akm.de\/wp-content\/uploads\/2020\/06\/Bild-2-Sch\u00fclerdokumentationen--768x617.jpg 768w, https:\/\/www.schulzentrum-stetten-akm.de\/wp-content\/uploads\/2020\/06\/Bild-2-Sch\u00fclerdokumentationen--1536x1233.jpg 1536w, https:\/\/www.schulzentrum-stetten-akm.de\/wp-content\/uploads\/2020\/06\/Bild-2-Sch\u00fclerdokumentationen--scaled.jpg 2048w\" sizes=\"auto, (max-width: 300px) 100vw, 300px\" \/><\/a><figcaption id=\"caption-attachment-3931\" class=\"wp-caption-text\">Elevii \u0219i-au conceput documenta\u021biile cu d\u0103ruire \u0219i creativitate. Foto: Martina Straub<\/figcaption><\/figure>\n<p>Ac\u021biunea uman\u0103 \u0219i solidaritatea sunt considerate pietrele de temelie ale unei socializ\u0103ri reu\u0219ite \u0219i permit oamenilor s\u0103 \u00ee\u0219i asume sarcini relevante din punct de vedere etic \u00een propriul mediu de via\u021b\u0103. Cei care sunt permanent dependen\u021bi de ajutorul altora pot \u00eenv\u0103\u021ba ceva de la cei pentru care este firesc s\u0103 fie s\u0103n\u0103to\u0219i \u0219i independen\u021bi. Partenerii de \u00eenv\u0103\u021bare din cadrul proiectului pilot pot raporta acum, din propria experien\u021b\u0103, c\u0103 acest lucru duce la \u00een\u021belegeri \u0219i experien\u021be interpersonale \u00eembucur\u0103toare \u0219i profunde. De exemplu, faptul c\u0103 cineva s-a bucurat c\u0103 a l\u0103sat ni\u0219te flori deosebit de frumoase \u00een timp ce tundeau gazonul. Sau c\u0103 este pl\u0103cut s\u0103 ne vedem \u0219i s\u0103 petrecem timp \u00eempreun\u0103. Este at\u00e2t de bine s\u0103 prime\u0219ti un mul\u021bumesc pentru lucruri m\u0103runte \u0219i s\u0103 faci o mare diferen\u021b\u0103 chiar \u0219i cu lucruri nesemnificative. Este de nedescris c\u00e2nd ochii unui copil se lumineaz\u0103 atunci c\u00e2nd prime\u0219te aten\u021bie. Trei muribunzi au fost deosebit de apropia\u021bi de inimile elevilor \u00een cauz\u0103. Recuno\u0219tin\u021ba \u00eemp\u0103rt\u0103\u0219it\u0103 pentru timpul pre\u021bios petrecut \u00eempreun\u0103, de care altfel nu s-ar fi putut profita, a devenit o experien\u021b\u0103 personal\u0103 existen\u021bial\u0103. &nbsp;<\/p>\n<p>Doamna Straub, capelanul \u0219colii, a pictat experien\u021bele de suflet ale tinerilor \u00eenso\u021bitori COMPASSION pe mici p\u00e2nze colorate \u0219i le-a aliniat una l\u00e2ng\u0103 alta: un steag de rug\u0103ciune bazat pe modelul budist. \u00cen acest fel, ea a f\u0103cut o leg\u0103tur\u0103 foarte practic\u0103 cu tema anterioar\u0103 a grupului de \u00eenv\u0103\u021bare, \"Budismul\". Conform credin\u021bei budiste, cuvintele scrise sunt purtate de v\u00e2nt \u00een lume \u0219i \u00een cer.<\/p>\n<figure id=\"attachment_3932\" aria-describedby=\"caption-attachment-3932\" style=\"width: 300px\" class=\"wp-caption aligncenter\"><a href=\"https:\/\/www.schulzentrum-stetten-akm.de\/wp-content\/uploads\/2020\/06\/Bild-3-Gebetsfahne-scaled.jpg\"><img loading=\"lazy\" decoding=\"async\" class=\"wp-image-3932 size-medium\" src=\"https:\/\/www.schulzentrum-stetten-akm.de\/wp-content\/uploads\/2020\/06\/Bild-3-Gebetsfahne-300x190.jpg\" alt=\"\" width=\"300\" height=\"190\" srcset=\"https:\/\/www.schulzentrum-stetten-akm.de\/wp-content\/uploads\/2020\/06\/Bild-3-Gebetsfahne-300x190.jpg 300w, https:\/\/www.schulzentrum-stetten-akm.de\/wp-content\/uploads\/2020\/06\/Bild-3-Gebetsfahne-1024x650.jpg 1024w, https:\/\/www.schulzentrum-stetten-akm.de\/wp-content\/uploads\/2020\/06\/Bild-3-Gebetsfahne-768x487.jpg 768w, https:\/\/www.schulzentrum-stetten-akm.de\/wp-content\/uploads\/2020\/06\/Bild-3-Gebetsfahne-1536x974.jpg 1536w, https:\/\/www.schulzentrum-stetten-akm.de\/wp-content\/uploads\/2020\/06\/Bild-3-Gebetsfahne-scaled.jpg 2048w\" sizes=\"auto, (max-width: 300px) 100vw, 300px\" \/><\/a><figcaption id=\"caption-attachment-3932\" class=\"wp-caption-text\">Steagul de rug\u0103ciune al grupului de \u00eenv\u0103\u021bare din centrul \u0219colar. Foto: Martina Straub<\/figcaption><\/figure>","protected":false},"excerpt":{"rendered":"<p>Str\u0103lucirea din ochii copilului Annemarie Ziegler \u00cempotriva cre\u0219terii vizibile a r\u0103celii sociale \u00een societatea noastr\u0103, capelanul \u0219colar \u0219i profesorul de religie Martina Straub de la centrul \u0219colar Stetten a.k.M. stabile\u0219te un mesaj ... <\/p>","protected":false},"author":1,"featured_media":0,"comment_status":"closed","ping_status":"closed","sticky":false,"template":"","format":"standard","meta":{"footnotes":""},"categories":[1,22],"tags":[],"class_list":["post-3933","post","type-post","status-publish","format-standard","hentry","category-allgemein","category-schulalltag"],"_links":{"self":[{"href":"https:\/\/www.schulzentrum-stetten-akm.de\/ro\/wp-json\/wp\/v2\/posts\/3933","targetHints":{"allow":["GET"]}}],"collection":[{"href":"https:\/\/www.schulzentrum-stetten-akm.de\/ro\/wp-json\/wp\/v2\/posts"}],"about":[{"href":"https:\/\/www.schulzentrum-stetten-akm.de\/ro\/wp-json\/wp\/v2\/types\/post"}],"author":[{"embeddable":true,"href":"https:\/\/www.schulzentrum-stetten-akm.de\/ro\/wp-json\/wp\/v2\/users\/1"}],"replies":[{"embeddable":true,"href":"https:\/\/www.schulzentrum-stetten-akm.de\/ro\/wp-json\/wp\/v2\/comments?post=3933"}],"version-history":[{"count":2,"href":"https:\/\/www.schulzentrum-stetten-akm.de\/ro\/wp-json\/wp\/v2\/posts\/3933\/revisions"}],"predecessor-version":[{"id":4015,"href":"https:\/\/www.schulzentrum-stetten-akm.de\/ro\/wp-json\/wp\/v2\/posts\/3933\/revisions\/4015"}],"wp:attachment":[{"href":"https:\/\/www.schulzentrum-stetten-akm.de\/ro\/wp-json\/wp\/v2\/media?parent=3933"}],"wp:term":[{"taxonomy":"category","embeddable":true,"href":"https:\/\/www.schulzentrum-stetten-akm.de\/ro\/wp-json\/wp\/v2\/categories?post=3933"},{"taxonomy":"post_tag","embeddable":true,"href":"https:\/\/www.schulzentrum-stetten-akm.de\/ro\/wp-json\/wp\/v2\/tags?post=3933"}],"curies":[{"name":"wp","href":"https:\/\/api.w.org\/{rel}","templated":true}]}}