{"id":3650,"date":"2020-06-06T20:33:49","date_gmt":"2020-06-06T18:33:49","guid":{"rendered":"https:\/\/www.schulzentrum-stetten-akm.de\/?p=3650"},"modified":"2020-08-18T18:32:47","modified_gmt":"2020-08-18T16:32:47","slug":"femeia-calauza-in-podcast-in-scoala-digitala","status":"publish","type":"post","link":"https:\/\/www.schulzentrum-stetten-akm.de\/ro\/femeia-calauza-in-podcast-in-scoala-digitala\/","title":{"rendered":"Doamna H\u00f6rger \u00een podcast la \"Digitale Schule\"."},"content":{"rendered":"<blockquote>\n<p><em>\"\u00cen calitate de profesor \u0219i director de \u0219coal\u0103, noua noastr\u0103 invitat\u0103 la podcast, Marijke H\u00f6rger (cunoscut\u0103 \u0219i pentru canalul ei de YouTube \"jurnalul profesorului\"), a experimentat la prima m\u00e2n\u0103 faza \u00eenchiderilor \u0219i deschiderilor de \u0219coli. Pe l\u00e2ng\u0103 schimbarea la domiciliu, teama \u0219i nesiguran\u021ba elevilor au ap\u0103rut \u0219i pentru profesori. Examene finale? Buletinele de note? \u00cen noul episod, Marijke H\u00f6rger relateaz\u0103 cum tr\u0103ie\u0219te situa\u021bia actual\u0103 \u00een calitate de profesor \u0219i care este concluzia sa de p\u00e2n\u0103 acum cu privire la noile metode de predare \u0219i \u00eenv\u0103\u021bare\". <\/em><\/p>\n<p>Acesta este intro-ul podcastului la care dna H\u00f6rger a participat \u00een calitate de invitat la interviu. Asculta\u021bi-l la&nbsp;<strong> <br><\/strong><\/p>\n<p><a href=\"https:\/\/podcast5022a3.podigee.io\/8-neue-episode\">https:\/\/podcast5022a3.podigee.io\/8-neue-episode<\/a><\/p>\n<\/blockquote>\n<p><!--more--><\/p>","protected":false},"excerpt":{"rendered":"<p>\"\u00cen calitate de profesor \u0219i conferen\u021biar superior, noua noastr\u0103 invitat\u0103 la podcast, Marijke H\u00f6rger (cunoscut\u0103 \u0219i pentru canalul ei de YouTube \"jurnalul profesorului\"), a experimentat la prima m\u00e2n\u0103 faza de \u00eenchidere a \u0219colilor \u0219i, de asemenea, de deschidere a \u0219colilor. \u00cen afar\u0103 de ... <\/p>","protected":false},"author":1,"featured_media":3654,"comment_status":"closed","ping_status":"closed","sticky":false,"template":"","format":"standard","meta":{"footnotes":""},"categories":[1],"tags":[],"class_list":["post-3650","post","type-post","status-publish","format-standard","has-post-thumbnail","hentry","category-allgemein"],"_links":{"self":[{"href":"https:\/\/www.schulzentrum-stetten-akm.de\/ro\/wp-json\/wp\/v2\/posts\/3650","targetHints":{"allow":["GET"]}}],"collection":[{"href":"https:\/\/www.schulzentrum-stetten-akm.de\/ro\/wp-json\/wp\/v2\/posts"}],"about":[{"href":"https:\/\/www.schulzentrum-stetten-akm.de\/ro\/wp-json\/wp\/v2\/types\/post"}],"author":[{"embeddable":true,"href":"https:\/\/www.schulzentrum-stetten-akm.de\/ro\/wp-json\/wp\/v2\/users\/1"}],"replies":[{"embeddable":true,"href":"https:\/\/www.schulzentrum-stetten-akm.de\/ro\/wp-json\/wp\/v2\/comments?post=3650"}],"version-history":[{"count":14,"href":"https:\/\/www.schulzentrum-stetten-akm.de\/ro\/wp-json\/wp\/v2\/posts\/3650\/revisions"}],"predecessor-version":[{"id":3668,"href":"https:\/\/www.schulzentrum-stetten-akm.de\/ro\/wp-json\/wp\/v2\/posts\/3650\/revisions\/3668"}],"wp:featuredmedia":[{"embeddable":true,"href":"https:\/\/www.schulzentrum-stetten-akm.de\/ro\/wp-json\/wp\/v2\/media\/3654"}],"wp:attachment":[{"href":"https:\/\/www.schulzentrum-stetten-akm.de\/ro\/wp-json\/wp\/v2\/media?parent=3650"}],"wp:term":[{"taxonomy":"category","embeddable":true,"href":"https:\/\/www.schulzentrum-stetten-akm.de\/ro\/wp-json\/wp\/v2\/categories?post=3650"},{"taxonomy":"post_tag","embeddable":true,"href":"https:\/\/www.schulzentrum-stetten-akm.de\/ro\/wp-json\/wp\/v2\/tags?post=3650"}],"curies":[{"name":"wp","href":"https:\/\/api.w.org\/{rel}","templated":true}]}}