{"id":3485,"date":"2020-05-26T15:01:24","date_gmt":"2020-05-26T13:01:24","guid":{"rendered":"https:\/\/www.schulzentrum-stetten-akm.de\/?p=3485"},"modified":"2020-07-21T11:07:26","modified_gmt":"2020-07-21T09:07:26","slug":"consiliere-oferta-de-scoala-oferta-de-afacere-sociala-si-deasupra-vacantei","status":"publish","type":"post","link":"https:\/\/www.schulzentrum-stetten-akm.de\/ro\/consiliere-oferta-de-scoala-oferta-de-afacere-sociala-si-deasupra-vacantei\/","title":{"rendered":"Consiliere oferit\u0103 de asisten\u021ba social\u0103 a \u0219colii - \u0219i \u00een timpul vacan\u021belor"},"content":{"rendered":"<p>Informa\u021bii actualizate \u0219i nout\u0103\u021bi despre serviciile de consiliere oferite de departamentul nostru de asisten\u021b\u0103 social\u0103 \u0219colar\u0103 pot fi g\u0103site pe pagina noastr\u0103 de start, la pagina de <a href=\"https:\/\/www.schulzentrum-stetten-akm.de\/ro\/consiliere-oferta-de-scoala-asistenta-sociala\/\">Asisten\u021b\u0103 social\u0103 \u0219colar\u0103 - servicii de consiliere<\/a>.<\/p>\n\n\n\n<figure class=\"wp-block-image size-large\"><img loading=\"lazy\" decoding=\"async\" width=\"1024\" height=\"607\" src=\"https:\/\/www.schulzentrum-stetten-akm.de\/wp-content\/uploads\/2020\/03\/Bild-25.03.20-um-15.22-1024x607.jpeg\" alt=\"\" class=\"wp-image-1410\" srcset=\"https:\/\/www.schulzentrum-stetten-akm.de\/wp-content\/uploads\/2020\/03\/Bild-25.03.20-um-15.22-1024x607.jpeg 1024w, https:\/\/www.schulzentrum-stetten-akm.de\/wp-content\/uploads\/2020\/03\/Bild-25.03.20-um-15.22-300x178.jpeg 300w, https:\/\/www.schulzentrum-stetten-akm.de\/wp-content\/uploads\/2020\/03\/Bild-25.03.20-um-15.22-768x455.jpeg 768w, https:\/\/www.schulzentrum-stetten-akm.de\/wp-content\/uploads\/2020\/03\/Bild-25.03.20-um-15.22-445x265.jpeg 445w, https:\/\/www.schulzentrum-stetten-akm.de\/wp-content\/uploads\/2020\/03\/Bild-25.03.20-um-15.22.jpeg 1098w\" sizes=\"auto, (max-width: 1024px) 100vw, 1024px\" \/><\/figure>","protected":false},"excerpt":{"rendered":"<p>Informa\u021bii actuale \u0219i nout\u0103\u021bi despre serviciile de consiliere ale serviciului nostru de asisten\u021b\u0103 social\u0103 \u0219colar\u0103 pot fi g\u0103site pe pagina noastr\u0103 de pornire, la rubrica Asisten\u021b\u0103 social\u0103 \u0219colar\u0103 - Servicii de consiliere.<\/p>","protected":false},"author":1,"featured_media":1419,"comment_status":"closed","ping_status":"closed","sticky":false,"template":"","format":"standard","meta":{"footnotes":""},"categories":[1],"tags":[],"class_list":["post-3485","post","type-post","status-publish","format-standard","has-post-thumbnail","hentry","category-allgemein"],"_links":{"self":[{"href":"https:\/\/www.schulzentrum-stetten-akm.de\/ro\/wp-json\/wp\/v2\/posts\/3485","targetHints":{"allow":["GET"]}}],"collection":[{"href":"https:\/\/www.schulzentrum-stetten-akm.de\/ro\/wp-json\/wp\/v2\/posts"}],"about":[{"href":"https:\/\/www.schulzentrum-stetten-akm.de\/ro\/wp-json\/wp\/v2\/types\/post"}],"author":[{"embeddable":true,"href":"https:\/\/www.schulzentrum-stetten-akm.de\/ro\/wp-json\/wp\/v2\/users\/1"}],"replies":[{"embeddable":true,"href":"https:\/\/www.schulzentrum-stetten-akm.de\/ro\/wp-json\/wp\/v2\/comments?post=3485"}],"version-history":[{"count":1,"href":"https:\/\/www.schulzentrum-stetten-akm.de\/ro\/wp-json\/wp\/v2\/posts\/3485\/revisions"}],"predecessor-version":[{"id":3486,"href":"https:\/\/www.schulzentrum-stetten-akm.de\/ro\/wp-json\/wp\/v2\/posts\/3485\/revisions\/3486"}],"wp:featuredmedia":[{"embeddable":true,"href":"https:\/\/www.schulzentrum-stetten-akm.de\/ro\/wp-json\/wp\/v2\/media\/1419"}],"wp:attachment":[{"href":"https:\/\/www.schulzentrum-stetten-akm.de\/ro\/wp-json\/wp\/v2\/media?parent=3485"}],"wp:term":[{"taxonomy":"category","embeddable":true,"href":"https:\/\/www.schulzentrum-stetten-akm.de\/ro\/wp-json\/wp\/v2\/categories?post=3485"},{"taxonomy":"post_tag","embeddable":true,"href":"https:\/\/www.schulzentrum-stetten-akm.de\/ro\/wp-json\/wp\/v2\/tags?post=3485"}],"curies":[{"name":"wp","href":"https:\/\/api.w.org\/{rel}","templated":true}]}}