{"id":1673,"date":"2020-03-30T20:15:10","date_gmt":"2020-03-30T18:15:10","guid":{"rendered":"https:\/\/www.schulzentrum-stetten-akm.de\/?p=1673"},"modified":"2020-07-21T11:12:12","modified_gmt":"2020-07-21T09:12:12","slug":"guide-zoom-sound-and-picture-settings","status":"publish","type":"post","link":"https:\/\/www.schulzentrum-stetten-akm.de\/ro\/guide-zoom-sound-and-picture-settings\/","title":{"rendered":"Ghidul Zoom: Set\u0103ri de sunet \u0219i imagine"},"content":{"rendered":"<p>Bun\u0103 ziua, deoarece exist\u0103 \u00een prezent unele probleme cu \u00eent\u00e2lnirile Zoom prin intermediul aplica\u021biei, iat\u0103 un ghid.<\/p>\n\n\n\n<p>Cel mai simplu mod de a participa: <br>direct prin browser (Internetexplorer, Mozilla Firefox, Safari...) (laptop, PC \u0219i eu de pe telefonul mobil posibil!!!) -&gt; urma\u021bi link-ul de pe pagina de start.<\/p>\n\n\n\n<p>Sau prin intermediul programului\/aplica\u021biei Zoom:<br>Pentru a face acest lucru, trebuie fie s\u0103 instala\u021bi mai \u00eent\u00e2i programul pe PC sau pe laptop.<br>Sau instala\u021bi aplica\u021bia pe telefonul mobil. <br>Android<br>IOS (Iphone)<br><\/p>\n\n\n\n<p>Dac\u0103 dori\u021bi s\u0103 participa\u021bi la o \u0219edin\u021b\u0103, trebuie s\u0103 verifica\u021bi set\u0103rile astfel \u00eenc\u00e2t s\u0103 pute\u021bi transmite \u0219i sunetul \u0219i imaginile. Iat\u0103 un ghid privind modul de accesare a set\u0103rilor:<\/p>\n\n\n\n<div class=\"wp-block-columns is-layout-flex wp-container-core-columns-is-layout-1 wp-block-columns-is-layout-flex\">\n<div class=\"wp-block-column is-layout-flow wp-block-column-is-layout-flow\">\n<p class=\"has-large-font-size\">Aplica\u021bie<\/p>\n\n\n\n<figure class=\"wp-block-video\"><video controls src=\"https:\/\/www.schulzentrum-stetten-akm.de\/wp-content\/uploads\/2020\/03\/Erkl\u00e4rvideo-ZoomApp-Einstellungen.mp4\"><\/video><\/figure>\n<\/div>\n\n\n\n<div class=\"wp-block-column is-layout-flow wp-block-column-is-layout-flow\">\n<p class=\"has-large-font-size\">PC, laptop sau similar<\/p>\n\n\n\n<figure class=\"wp-block-video\"><video controls src=\"https:\/\/www.schulzentrum-stetten-akm.de\/wp-content\/uploads\/2020\/03\/Erkl\u00e4rvideo-Einstellungen-Zoom-1.mp4\"><\/video><\/figure>\n<\/div>\n<\/div>","protected":false},"excerpt":{"rendered":"<p>Bun\u0103 ziua, deoarece exist\u0103 \u00een prezent unele probleme cu \u00eent\u00e2lnirile Zoom prin intermediul aplica\u021biei, iat\u0103 c\u00e2teva instruc\u021biuni. Cel mai simplu mod de a participa: direct prin browser (Internet Explorer, Mozilla Firefox, Safari...) (Laptop, PC ... <\/p>","protected":false},"author":1,"featured_media":1680,"comment_status":"closed","ping_status":"closed","sticky":false,"template":"","format":"standard","meta":{"footnotes":""},"categories":[1,26],"tags":[],"class_list":["post-1673","post","type-post","status-publish","format-standard","has-post-thumbnail","hentry","category-allgemein","category-schulsozialarbeit"],"_links":{"self":[{"href":"https:\/\/www.schulzentrum-stetten-akm.de\/ro\/wp-json\/wp\/v2\/posts\/1673","targetHints":{"allow":["GET"]}}],"collection":[{"href":"https:\/\/www.schulzentrum-stetten-akm.de\/ro\/wp-json\/wp\/v2\/posts"}],"about":[{"href":"https:\/\/www.schulzentrum-stetten-akm.de\/ro\/wp-json\/wp\/v2\/types\/post"}],"author":[{"embeddable":true,"href":"https:\/\/www.schulzentrum-stetten-akm.de\/ro\/wp-json\/wp\/v2\/users\/1"}],"replies":[{"embeddable":true,"href":"https:\/\/www.schulzentrum-stetten-akm.de\/ro\/wp-json\/wp\/v2\/comments?post=1673"}],"version-history":[{"count":7,"href":"https:\/\/www.schulzentrum-stetten-akm.de\/ro\/wp-json\/wp\/v2\/posts\/1673\/revisions"}],"predecessor-version":[{"id":1690,"href":"https:\/\/www.schulzentrum-stetten-akm.de\/ro\/wp-json\/wp\/v2\/posts\/1673\/revisions\/1690"}],"wp:featuredmedia":[{"embeddable":true,"href":"https:\/\/www.schulzentrum-stetten-akm.de\/ro\/wp-json\/wp\/v2\/media\/1680"}],"wp:attachment":[{"href":"https:\/\/www.schulzentrum-stetten-akm.de\/ro\/wp-json\/wp\/v2\/media?parent=1673"}],"wp:term":[{"taxonomy":"category","embeddable":true,"href":"https:\/\/www.schulzentrum-stetten-akm.de\/ro\/wp-json\/wp\/v2\/categories?post=1673"},{"taxonomy":"post_tag","embeddable":true,"href":"https:\/\/www.schulzentrum-stetten-akm.de\/ro\/wp-json\/wp\/v2\/tags?post=1673"}],"curies":[{"name":"wp","href":"https:\/\/api.w.org\/{rel}","templated":true}]}}