{"id":8675,"date":"2025-12-01T10:59:41","date_gmt":"2025-12-01T09:59:41","guid":{"rendered":"https:\/\/www.schulzentrum-stetten-akm.de\/?p=8675"},"modified":"2025-12-01T10:59:43","modified_gmt":"2025-12-01T09:59:43","slug":"handballtag-begeistert-80-zweitklaessler","status":"publish","type":"post","link":"https:\/\/www.schulzentrum-stetten-akm.de\/pl\/handballtag-begeistert-80-zweitklaessler\/","title":{"rendered":"Handballtag begeistert 80 Zweitkl\u00e4ssler"},"content":{"rendered":"<p><strong>15. Auflage des Handball-Grundschulaktionstags<\/strong><\/p>\n\n\n\n<p>Der Handball begeistert \u2013 und das bereits bei den J\u00fcngsten: Der bundesweite Handball-Grundschulaktionstag hat sich in den vergangenen Jahren zur gr\u00f6\u00dften Bewegungs- und Mitmachaktion des deutschen Handballs entwickelt. Mit dem Ziel \u201eWir m\u00f6chten bewegen und begeistern\u201c fand daher am Freitag, 28. November 2025, der vierte bundesweite Handball-Grundschulaktionstag des Deutschen Handballbundes (DHB) gemeinsam mit allen seinen Landesverb\u00e4nden statt. Bereits zum 15. Mal wurde dieser Handballaktionstag in Baden-W\u00fcrttemberg an rund 600 Grundschulen mit 37.000 Kindern durchgef\u00fchrt. Die Organisation dieses Events f\u00fcr alle Zweitkl\u00e4ssler des Schulzentrums Stetten am kalten Markt und der Nachbarschaftsgrundschule Schwenningen in der Alemannenhalle lag in den H\u00e4nden der Abteilung Handball des TSV Stetten am kalten Markt.<\/p>\n\n\n\n<p>Das Format begeistert Kinder, Lehrkr\u00e4fte und Vereine gleicherma\u00dfen. Mittels verschiedener Spielformen (Aufsetzer-Handball, Turm- und W\u00fcrfelball) konnten rund 80 Kinder die Sportart \u201eHandball\u201c n\u00e4her kennenlernen, ihren Teamgeist unter Beweis stellen und vor allem: ganz viel Freude an Bewegung und am Handballsport entwickeln. Beim offiziellen Handball-Spielabzeichen des Deutschen Handballbundes \u2013 dem Hanniball-Pass \u2013 hatten sie die M\u00f6glichkeit, ihre pers\u00f6nlichen F\u00e4higkeiten auszutesten und mussten \u00fcber den Vormittag verteilt f\u00fcnf \u00dcbungen absolvieren, die die technischen, athletischen und koordinativen Fertigkeiten der Kinder pr\u00fcfen und gleichzeitig schulen. Die \u00dcbungen kamen aus den Bereichen Werfen und Fangen, Koordination mit dem Ball, Schnelligkeit, Zielwerfen sowie Achterprellen. Auch W\u00fcrfe von der 7-m-Linie aufs Tor durften nicht fehlen.<\/p>\n\n\n\n<p>Den Abschluss des sportlichen Vormittags bildete die Siegerehrung, bei der Konrektor J\u00fcrgen Lebherz den Kindern entsprechend ihren erzielten Punkten den Hanniball-Pass mit Gold-, Silber- oder Bronzerang \u00fcberreichte. Erfreulicherweise gab es neben sehr vielen Silberr\u00e4ngen auch dieses Jahr mit Leni Kaiser, Emilia Krenkler, Ariano Baglieri, Alex Kreutzfeldt, Jimani Meinhard, Anton Hahn, Valentino Marchese, Jakob Dyzio und Leon Karkowski neun Kinder, die den Goldrang erreichten. F\u00fcr die tollen Leistungen erhielten alle Teilnehmer eine Geschenkt\u00fcte, gef\u00fcllt mit einem kindgerechten Regelheft, einem Handball-Tattoo, einer Glibberhand und S\u00fc\u00dfigkeiten.<\/p>\n\n\n\n<p>Nun hoffen die Organisatoren nat\u00fcrlich, dass sie durch diese Aktion bei vielen Kindern das Interesse am Handballspielen geweckt haben und sie in der Alemannenhalle zum \u201eSchnuppertraining\u201c vorbeikommen, um somit die F-Jugend zu verst\u00e4rken.<\/p>\n\n\n\n<p>Die Trainingszeit der F-Jugend &amp; Minis in der Alemannenhalle ist montags von 16:15 bis 17:30 Uhr.<\/p>\n\n\n\n<p><em>Quelle: Birgit Marquart<\/em><\/p>","protected":false},"excerpt":{"rendered":"<p>15. Auflage des Handball-Grundschulaktionstags Der Handball begeistert \u2013 und das bereits bei den J\u00fcngsten: Der bundesweite Handball-Grundschulaktionstag hat sich in den vergangenen Jahren zur gr\u00f6\u00dften Bewegungs- und Mitmachaktion des deutschen &hellip; <\/p>","protected":false},"author":26,"featured_media":8676,"comment_status":"closed","ping_status":"closed","sticky":false,"template":"","format":"standard","meta":{"footnotes":""},"categories":[1,23],"tags":[],"class_list":["post-8675","post","type-post","status-publish","format-standard","has-post-thumbnail","hentry","category-allgemein","category-sport"],"_links":{"self":[{"href":"https:\/\/www.schulzentrum-stetten-akm.de\/pl\/wp-json\/wp\/v2\/posts\/8675","targetHints":{"allow":["GET"]}}],"collection":[{"href":"https:\/\/www.schulzentrum-stetten-akm.de\/pl\/wp-json\/wp\/v2\/posts"}],"about":[{"href":"https:\/\/www.schulzentrum-stetten-akm.de\/pl\/wp-json\/wp\/v2\/types\/post"}],"author":[{"embeddable":true,"href":"https:\/\/www.schulzentrum-stetten-akm.de\/pl\/wp-json\/wp\/v2\/users\/26"}],"replies":[{"embeddable":true,"href":"https:\/\/www.schulzentrum-stetten-akm.de\/pl\/wp-json\/wp\/v2\/comments?post=8675"}],"version-history":[{"count":1,"href":"https:\/\/www.schulzentrum-stetten-akm.de\/pl\/wp-json\/wp\/v2\/posts\/8675\/revisions"}],"predecessor-version":[{"id":8677,"href":"https:\/\/www.schulzentrum-stetten-akm.de\/pl\/wp-json\/wp\/v2\/posts\/8675\/revisions\/8677"}],"wp:featuredmedia":[{"embeddable":true,"href":"https:\/\/www.schulzentrum-stetten-akm.de\/pl\/wp-json\/wp\/v2\/media\/8676"}],"wp:attachment":[{"href":"https:\/\/www.schulzentrum-stetten-akm.de\/pl\/wp-json\/wp\/v2\/media?parent=8675"}],"wp:term":[{"taxonomy":"category","embeddable":true,"href":"https:\/\/www.schulzentrum-stetten-akm.de\/pl\/wp-json\/wp\/v2\/categories?post=8675"},{"taxonomy":"post_tag","embeddable":true,"href":"https:\/\/www.schulzentrum-stetten-akm.de\/pl\/wp-json\/wp\/v2\/tags?post=8675"}],"curies":[{"name":"wp","href":"https:\/\/api.w.org\/{rel}","templated":true}]}}