{"id":8283,"date":"2025-07-09T22:05:47","date_gmt":"2025-07-09T20:05:47","guid":{"rendered":"https:\/\/www.schulzentrum-stetten-akm.de\/?p=8283"},"modified":"2025-07-09T22:16:16","modified_gmt":"2025-07-09T20:16:16","slug":"katastrophenschutz","status":"publish","type":"post","link":"https:\/\/www.schulzentrum-stetten-akm.de\/pl\/katastrophenschutz\/","title":{"rendered":"Katastrophenschutz"},"content":{"rendered":"<p><strong>Aktionstag zum Katastrophenschutz bei&nbsp;<em>der Schule ABC-Abwehr und Gesetzliche Schutzaufgaben&nbsp;<\/em>&nbsp;in der Albkaserne Stetten a.k.M.<\/strong><\/p>\n\n\n\n<p><br>Die LernpartnerInnen der Lernstufe 6 des Schulzentrums Stetten a.k.M. erlebten einen spannenden Vormittag bei der&nbsp;<strong><em>Schule ABC-Abwehr und Gesetzliche Schutzaufgaben<\/em><\/strong>. 63 Kinder und ihre Lerngruppenleitungen Frau Hameister, Frau Karacan und Frau Wolfram wurden herzlich von Brandamtmann Hirschberg begr\u00fc\u00dft.<\/p>\n\n\n\n<p>Die LernpartnerInnen durchliefen in Gruppen verschiedene Stationen, bei denen sie viel \u00fcber die Feuerwehr erfuhren. Besonders spannend war das selbstst\u00e4ndige L\u00f6schen eines echten Feuers mit einem Feuerl\u00f6scher. Auch das meterweite Spritzen von Wasser mit den modernen L\u00f6scheinrichtungen der Feuerwehrfahrzeuge war ein Highlight und eine willkommene Abk\u00fchlung bei den hohen Temperaturen. Au\u00dferdem durften die LernpartnerInnen selbst eine Feuerwehrausr\u00fcstung anlegen, die komplett bis zu ca. 26kg wiegen kann. Des Weiteren erfuhren sie mehr \u00fcber die Aufgaben und Erlebnisse der Feuerwehr durch Erz\u00e4hlungen eines erfahrenen Feuerwehrmannes mit \u00fcber 30 Dienstjahren.<\/p>\n\n\n\n<p>Da die&nbsp;<strong><em>Schule ABC-Abwehr und Gesetzliche Schutzaufgaben<\/em><\/strong>&nbsp;in der Albkaserne Ausbildungsstandort ist, besichtigten die Kinder auch die R\u00e4umlichkeiten f\u00fcr die Atemschutzausbildung und konnten ihre Fitness unter Beweis stellen. Zum Abschluss wurden der gesamten Gruppe ein Fettbrand und eine Explosion gezeigt, um die Gefahren im Alltag zu verdeutlichen.<\/p>\n\n\n\n<p>F\u00fcr das leibliche Wohl sorgte der F\u00f6rderverein mit Kaltgetr\u00e4nken und Butterbrezeln. Dies war eine sehr gelungene \u00dcberraschung. Ein&nbsp;<strong>herzliches Dankesch\u00f6n<\/strong>&nbsp;richten wir nochmals&nbsp;<strong>an Herrn Hirschberg mit seinem Team<\/strong>&nbsp;i&nbsp;<strong>an den F\u00f6rderverein<\/strong>&nbsp;<strong>des Schulzentrums Stetten a.k.M.<\/strong>&nbsp;f\u00fcr diesen erlebnis- und lehrreichen Vormittag.<\/p>\n\n\n\n<p>Quelle: Tina Wolfram<\/p>","protected":false},"excerpt":{"rendered":"<p>Aktionstag zum Katastrophenschutz bei&nbsp;der Schule ABC-Abwehr und Gesetzliche Schutzaufgaben&nbsp;&nbsp;in der Albkaserne Stetten a.k.M. Die LernpartnerInnen der Lernstufe 6 des Schulzentrums Stetten a.k.M. erlebten einen spannenden Vormittag bei der&nbsp;Schule ABC-Abwehr und &hellip; <\/p>","protected":false},"author":26,"featured_media":8286,"comment_status":"closed","ping_status":"closed","sticky":false,"template":"","format":"standard","meta":{"footnotes":""},"categories":[1,21],"tags":[],"class_list":["post-8283","post","type-post","status-publish","format-standard","has-post-thumbnail","hentry","category-allgemein","category-exkursionen-und-lerngaenge"],"_links":{"self":[{"href":"https:\/\/www.schulzentrum-stetten-akm.de\/pl\/wp-json\/wp\/v2\/posts\/8283","targetHints":{"allow":["GET"]}}],"collection":[{"href":"https:\/\/www.schulzentrum-stetten-akm.de\/pl\/wp-json\/wp\/v2\/posts"}],"about":[{"href":"https:\/\/www.schulzentrum-stetten-akm.de\/pl\/wp-json\/wp\/v2\/types\/post"}],"author":[{"embeddable":true,"href":"https:\/\/www.schulzentrum-stetten-akm.de\/pl\/wp-json\/wp\/v2\/users\/26"}],"replies":[{"embeddable":true,"href":"https:\/\/www.schulzentrum-stetten-akm.de\/pl\/wp-json\/wp\/v2\/comments?post=8283"}],"version-history":[{"count":1,"href":"https:\/\/www.schulzentrum-stetten-akm.de\/pl\/wp-json\/wp\/v2\/posts\/8283\/revisions"}],"predecessor-version":[{"id":8285,"href":"https:\/\/www.schulzentrum-stetten-akm.de\/pl\/wp-json\/wp\/v2\/posts\/8283\/revisions\/8285"}],"wp:featuredmedia":[{"embeddable":true,"href":"https:\/\/www.schulzentrum-stetten-akm.de\/pl\/wp-json\/wp\/v2\/media\/8286"}],"wp:attachment":[{"href":"https:\/\/www.schulzentrum-stetten-akm.de\/pl\/wp-json\/wp\/v2\/media?parent=8283"}],"wp:term":[{"taxonomy":"category","embeddable":true,"href":"https:\/\/www.schulzentrum-stetten-akm.de\/pl\/wp-json\/wp\/v2\/categories?post=8283"},{"taxonomy":"post_tag","embeddable":true,"href":"https:\/\/www.schulzentrum-stetten-akm.de\/pl\/wp-json\/wp\/v2\/tags?post=8283"}],"curies":[{"name":"wp","href":"https:\/\/api.w.org\/{rel}","templated":true}]}}