{"id":8246,"date":"2025-07-07T13:00:10","date_gmt":"2025-07-07T11:00:10","guid":{"rendered":"https:\/\/www.schulzentrum-stetten-akm.de\/?p=8246"},"modified":"2025-07-07T18:19:19","modified_gmt":"2025-07-07T16:19:19","slug":"besuch-im-zeppelin-museum","status":"publish","type":"post","link":"https:\/\/www.schulzentrum-stetten-akm.de\/pl\/besuch-im-zeppelin-museum\/","title":{"rendered":"Besuch im Zeppelin-Museum"},"content":{"rendered":"<p>Am vergangenen Donnerstag machte sich die Lernstufe 8 unserer Schule zu einem spannenden Jahresausflug ins Zeppelin-Museum nach Friedrichshafen auf. Bei strahlendem Sonnenschein starteten die Achtkl\u00e4ssler p\u00fcnktlich am Schulzentrum in Stetten am kalten Markt in ein Abenteuer, das sowohl lehrreich als auch unterhaltsam werden sollte.&nbsp;<\/p>\n\n\n\n<p>Die Zugfahrt war zwar von einigen Versp\u00e4tungen gepr\u00e4gt, doch die Sch\u00fclerinnen und Sch\u00fcler lie\u00dfen sich die gute Laune nicht verderben. Sie genossen die Vorfreude auf das, was sie im Zeppelin-Museum und der anschlie\u00dfenden Freizeit an der Uferpromenade erleben w\u00fcrden.\u00a0<\/p>\n\n\n\n<p>Im Museum angekommen, erfuhren wir in einer spannenden F\u00fchrung alles \u00fcber die faszinierende Geschichte der Luftschifffahrt mit dem Zeppelin und die bedeutende Rolle, die Friedrichshafen in diesem Bereich spielt. Besonders beeindruckend waren die originalen Exponate und die interaktiven Stationen, die das Thema lebendig werden lie\u00dfen.&nbsp;<\/p>\n\n\n\n<p>Nach dem Besuch des Museums hatten die Sch\u00fclerinnen und Sch\u00fcler die M\u00f6glichkeit, die charmante Stadt Friedrichshafen bei einem gem\u00fctlichen Stadtbummel zu erkunden. Die malerischen Stra\u00dfen, die zahlreichen Caf\u00e9s und die N\u00e4he zum Bodensee luden zum Verweilen ein. Viele nutzten die Gelegenheit, ein Eis zu genie\u00dfen oder das ein oder andere Modeaccessoire zu kaufen.&nbsp;<\/p>\n\n\n\n<p>Der Ausflug endete mit einem zufriedenen L\u00e4cheln auf den Gesichtern der Sch\u00fclerinnen und Sch\u00fcler, die nicht nur viel \u00fcber die Geschichte der Luftfahrt gelernt hatten, sondern auch gemeinsam unvergessliche Erinnerungen geschaffen haben. Der Tag war ein voller Erfolg und wird sicherlich noch lange in Erinnerung bleiben!<\/p>\n\n\n\n<p>Quelle: Text und Bilder von Stefan Rapp<\/p>\n\n\n\n<figure class=\"wp-block-image size-large\"><img loading=\"lazy\" decoding=\"async\" width=\"1024\" height=\"768\" src=\"https:\/\/www.schulzentrum-stetten-akm.de\/wp-content\/uploads\/2025\/07\/20250703_114727-1024x768.jpg\" alt=\"Sch\u00fcler an Lernstation im Zeppelin Museum\" class=\"wp-image-8265\" srcset=\"https:\/\/www.schulzentrum-stetten-akm.de\/wp-content\/uploads\/2025\/07\/20250703_114727-1024x768.jpg 1024w, https:\/\/www.schulzentrum-stetten-akm.de\/wp-content\/uploads\/2025\/07\/20250703_114727-300x225.jpg 300w, https:\/\/www.schulzentrum-stetten-akm.de\/wp-content\/uploads\/2025\/07\/20250703_114727-768x576.jpg 768w, https:\/\/www.schulzentrum-stetten-akm.de\/wp-content\/uploads\/2025\/07\/20250703_114727-1536x1152.jpg 1536w, https:\/\/www.schulzentrum-stetten-akm.de\/wp-content\/uploads\/2025\/07\/20250703_114727-scaled.jpg 2048w, https:\/\/www.schulzentrum-stetten-akm.de\/wp-content\/uploads\/2025\/07\/20250703_114727-16x12.jpg 16w\" sizes=\"auto, (max-width: 1024px) 100vw, 1024px\" \/><\/figure>","protected":false},"excerpt":{"rendered":"<p>Am vergangenen Donnerstag machte sich die Lernstufe 8 unserer Schule zu einem spannenden Jahresausflug ins Zeppelin-Museum nach Friedrichshafen auf. Bei strahlendem Sonnenschein starteten die Achtkl\u00e4ssler p\u00fcnktlich am Schulzentrum in Stetten &hellip; <\/p>","protected":false},"author":26,"featured_media":8258,"comment_status":"closed","ping_status":"closed","sticky":false,"template":"","format":"standard","meta":{"footnotes":""},"categories":[1,21],"tags":[],"class_list":["post-8246","post","type-post","status-publish","format-standard","has-post-thumbnail","hentry","category-allgemein","category-exkursionen-und-lerngaenge"],"_links":{"self":[{"href":"https:\/\/www.schulzentrum-stetten-akm.de\/pl\/wp-json\/wp\/v2\/posts\/8246","targetHints":{"allow":["GET"]}}],"collection":[{"href":"https:\/\/www.schulzentrum-stetten-akm.de\/pl\/wp-json\/wp\/v2\/posts"}],"about":[{"href":"https:\/\/www.schulzentrum-stetten-akm.de\/pl\/wp-json\/wp\/v2\/types\/post"}],"author":[{"embeddable":true,"href":"https:\/\/www.schulzentrum-stetten-akm.de\/pl\/wp-json\/wp\/v2\/users\/26"}],"replies":[{"embeddable":true,"href":"https:\/\/www.schulzentrum-stetten-akm.de\/pl\/wp-json\/wp\/v2\/comments?post=8246"}],"version-history":[{"count":9,"href":"https:\/\/www.schulzentrum-stetten-akm.de\/pl\/wp-json\/wp\/v2\/posts\/8246\/revisions"}],"predecessor-version":[{"id":8267,"href":"https:\/\/www.schulzentrum-stetten-akm.de\/pl\/wp-json\/wp\/v2\/posts\/8246\/revisions\/8267"}],"wp:featuredmedia":[{"embeddable":true,"href":"https:\/\/www.schulzentrum-stetten-akm.de\/pl\/wp-json\/wp\/v2\/media\/8258"}],"wp:attachment":[{"href":"https:\/\/www.schulzentrum-stetten-akm.de\/pl\/wp-json\/wp\/v2\/media?parent=8246"}],"wp:term":[{"taxonomy":"category","embeddable":true,"href":"https:\/\/www.schulzentrum-stetten-akm.de\/pl\/wp-json\/wp\/v2\/categories?post=8246"},{"taxonomy":"post_tag","embeddable":true,"href":"https:\/\/www.schulzentrum-stetten-akm.de\/pl\/wp-json\/wp\/v2\/tags?post=8246"}],"curies":[{"name":"wp","href":"https:\/\/api.w.org\/{rel}","templated":true}]}}