{"id":8228,"date":"2025-06-30T17:09:59","date_gmt":"2025-06-30T15:09:59","guid":{"rendered":"https:\/\/www.schulzentrum-stetten-akm.de\/?p=8228"},"modified":"2025-06-30T17:10:00","modified_gmt":"2025-06-30T15:10:00","slug":"lerngang-zum-muehlgassenhof","status":"publish","type":"post","link":"https:\/\/www.schulzentrum-stetten-akm.de\/pl\/lerngang-zum-muehlgassenhof\/","title":{"rendered":"Lerngang zum M\u00fchlgassenhof"},"content":{"rendered":"<p><\/p>\n\n\n\n<p>Im Rahmen des Geografie-Gro\u00dfthemas \u201eVielf\u00e4ltige Landwirtschaft\u201c der Lernstufe 6 haben sich unsere Lernpartner bereits intensiv mit unterschiedlichen Formen landwirtschaftlicher Nutzung besch\u00e4ftigt \u2013 von intensiver \u00fcber extensive Bewirtschaftung bis hin zu \u00f6kologischen Ans\u00e4tzen. Dieses theoretische Wissen konnte nun bei einem spannenden Lerngang auf dem M\u00fchlgassenhof, einem Milchviehbetrieb der Familie L\u00f6ffler\/Deufel, in der Praxis erlebt und angewendet werden.<\/p>\n\n\n\n<p>Vor Ort bot sich die Gelegenheit, die Inhalte des Unterrichts hautnah nachzuvollziehen: Wo kommen unsere Lebensmittel her? Wie funktioniert moderne Milchviehwirtschaft? Welche Herausforderungen und Chancen bringt Landwirtschaft heute mit sich? In pers\u00f6nlichen Gespr\u00e4chen konnten die Lernpartner ihre vorbereiteten Fragen stellen.<\/p>\n\n\n\n<p>Solche au\u00dferschulischen Lernorte erm\u00f6glichen nicht nur ein lebendiges und nachhaltiges Lernen, sondern stellen auch eine wichtige Verbindung zwischen schulischer Theorie und der Realit\u00e4t her. Ein echtes Highlight war das direkte Erleben der Tiere, der Technik und der t\u00e4glichen Abl\u00e4ufe auf dem Hof \u2013 ein Lernen mit allen Sinnen.<\/p>\n\n\n\n<p>Ein besonderer Dank gilt der Familie L\u00f6ffler\/Deufel, die sich viel Zeit genommen hat, um unsere Fragen zu beantworten und uns diesen wertvollen Einblick zu erm\u00f6glichen. Solche Erfahrungen zeigen einmal mehr, wie wertvoll Lernen au\u00dferhalb des Klassenzimmers sein kann.<\/p>\n\n\n\n<p>Quelle: Ann-Kathrin Hameister<\/p>\n\n\n\n<p><\/p>","protected":false},"excerpt":{"rendered":"<p>Im Rahmen des Geografie-Gro\u00dfthemas \u201eVielf\u00e4ltige Landwirtschaft\u201c der Lernstufe 6 haben sich unsere Lernpartner bereits intensiv mit unterschiedlichen Formen landwirtschaftlicher Nutzung besch\u00e4ftigt \u2013 von intensiver \u00fcber extensive Bewirtschaftung bis hin zu &hellip; <\/p>","protected":false},"author":26,"featured_media":8230,"comment_status":"closed","ping_status":"closed","sticky":false,"template":"","format":"standard","meta":{"footnotes":""},"categories":[1,21],"tags":[],"class_list":["post-8228","post","type-post","status-publish","format-standard","has-post-thumbnail","hentry","category-allgemein","category-exkursionen-und-lerngaenge"],"_links":{"self":[{"href":"https:\/\/www.schulzentrum-stetten-akm.de\/pl\/wp-json\/wp\/v2\/posts\/8228","targetHints":{"allow":["GET"]}}],"collection":[{"href":"https:\/\/www.schulzentrum-stetten-akm.de\/pl\/wp-json\/wp\/v2\/posts"}],"about":[{"href":"https:\/\/www.schulzentrum-stetten-akm.de\/pl\/wp-json\/wp\/v2\/types\/post"}],"author":[{"embeddable":true,"href":"https:\/\/www.schulzentrum-stetten-akm.de\/pl\/wp-json\/wp\/v2\/users\/26"}],"replies":[{"embeddable":true,"href":"https:\/\/www.schulzentrum-stetten-akm.de\/pl\/wp-json\/wp\/v2\/comments?post=8228"}],"version-history":[{"count":1,"href":"https:\/\/www.schulzentrum-stetten-akm.de\/pl\/wp-json\/wp\/v2\/posts\/8228\/revisions"}],"predecessor-version":[{"id":8231,"href":"https:\/\/www.schulzentrum-stetten-akm.de\/pl\/wp-json\/wp\/v2\/posts\/8228\/revisions\/8231"}],"wp:featuredmedia":[{"embeddable":true,"href":"https:\/\/www.schulzentrum-stetten-akm.de\/pl\/wp-json\/wp\/v2\/media\/8230"}],"wp:attachment":[{"href":"https:\/\/www.schulzentrum-stetten-akm.de\/pl\/wp-json\/wp\/v2\/media?parent=8228"}],"wp:term":[{"taxonomy":"category","embeddable":true,"href":"https:\/\/www.schulzentrum-stetten-akm.de\/pl\/wp-json\/wp\/v2\/categories?post=8228"},{"taxonomy":"post_tag","embeddable":true,"href":"https:\/\/www.schulzentrum-stetten-akm.de\/pl\/wp-json\/wp\/v2\/tags?post=8228"}],"curies":[{"name":"wp","href":"https:\/\/api.w.org\/{rel}","templated":true}]}}