{"id":8187,"date":"2025-06-26T08:48:46","date_gmt":"2025-06-26T06:48:46","guid":{"rendered":"https:\/\/www.schulzentrum-stetten-akm.de\/?p=8187"},"modified":"2025-06-27T22:41:22","modified_gmt":"2025-06-27T20:41:22","slug":"ein-tag-voller-teamgeist-und-abenteuer","status":"publish","type":"post","link":"https:\/\/www.schulzentrum-stetten-akm.de\/pl\/ein-tag-voller-teamgeist-und-abenteuer\/","title":{"rendered":"Ein Tag voller Teamgeist und Abenteuer"},"content":{"rendered":"<p><br>Zum Abschluss des Schuljahres unternahm die Lerngruppe 6 einen spannenden Jahresausflug ins Erlebniscamp Out &amp; Back in Sigmaringen. Dort warteten abwechslungsreiche Herausforderungen auf unsere Lernpartner:innen: Vom actionreichen Human Table Soccer \u00fcber kreative Teamchallenges, die nur gemeinsam gel\u00f6st werden konnten, bis hin zum Bau eines stabilen Hockers \u2013 mit nichts weiter als zwei Holzlatten, einer S\u00e4ge und einem Hammer.<br>Der Tag bot jede Menge Gelegenheiten, Teamgeist, handwerkliches Geschick und Durchhalteverm\u00f6gen unter Beweis zu stellen. Abgerundet wurde der gelungene Ausflug mit einer wohlverdienten Kugel Eis. Ein sch\u00f6ner erster Schritt auf dem Weg zum Abschluss des Schuljahres und der Jahrgangsstufe 6.<\/p>\n\n\n\n<p>Quelle: Text und Bild von Ann-Kathrin Hameister<\/p>","protected":false},"excerpt":{"rendered":"<p>Zum Abschluss des Schuljahres unternahm die Lerngruppe 6 einen spannenden Jahresausflug ins Erlebniscamp Out &amp; Back in Sigmaringen. Dort warteten abwechslungsreiche Herausforderungen auf unsere Lernpartner:innen: Vom actionreichen Human Table Soccer &hellip; <\/p>","protected":false},"author":26,"featured_media":8216,"comment_status":"closed","ping_status":"closed","sticky":false,"template":"","format":"standard","meta":{"footnotes":""},"categories":[1,21],"tags":[],"class_list":["post-8187","post","type-post","status-publish","format-standard","has-post-thumbnail","hentry","category-allgemein","category-exkursionen-und-lerngaenge"],"_links":{"self":[{"href":"https:\/\/www.schulzentrum-stetten-akm.de\/pl\/wp-json\/wp\/v2\/posts\/8187","targetHints":{"allow":["GET"]}}],"collection":[{"href":"https:\/\/www.schulzentrum-stetten-akm.de\/pl\/wp-json\/wp\/v2\/posts"}],"about":[{"href":"https:\/\/www.schulzentrum-stetten-akm.de\/pl\/wp-json\/wp\/v2\/types\/post"}],"author":[{"embeddable":true,"href":"https:\/\/www.schulzentrum-stetten-akm.de\/pl\/wp-json\/wp\/v2\/users\/26"}],"replies":[{"embeddable":true,"href":"https:\/\/www.schulzentrum-stetten-akm.de\/pl\/wp-json\/wp\/v2\/comments?post=8187"}],"version-history":[{"count":2,"href":"https:\/\/www.schulzentrum-stetten-akm.de\/pl\/wp-json\/wp\/v2\/posts\/8187\/revisions"}],"predecessor-version":[{"id":8217,"href":"https:\/\/www.schulzentrum-stetten-akm.de\/pl\/wp-json\/wp\/v2\/posts\/8187\/revisions\/8217"}],"wp:featuredmedia":[{"embeddable":true,"href":"https:\/\/www.schulzentrum-stetten-akm.de\/pl\/wp-json\/wp\/v2\/media\/8216"}],"wp:attachment":[{"href":"https:\/\/www.schulzentrum-stetten-akm.de\/pl\/wp-json\/wp\/v2\/media?parent=8187"}],"wp:term":[{"taxonomy":"category","embeddable":true,"href":"https:\/\/www.schulzentrum-stetten-akm.de\/pl\/wp-json\/wp\/v2\/categories?post=8187"},{"taxonomy":"post_tag","embeddable":true,"href":"https:\/\/www.schulzentrum-stetten-akm.de\/pl\/wp-json\/wp\/v2\/tags?post=8187"}],"curies":[{"name":"wp","href":"https:\/\/api.w.org\/{rel}","templated":true}]}}