{"id":8169,"date":"2025-06-04T10:52:59","date_gmt":"2025-06-04T08:52:59","guid":{"rendered":"https:\/\/www.schulzentrum-stetten-akm.de\/?p=8169"},"modified":"2025-06-04T13:11:04","modified_gmt":"2025-06-04T11:11:04","slug":"ein-tag-am-see","status":"publish","type":"post","link":"https:\/\/www.schulzentrum-stetten-akm.de\/pl\/ein-tag-am-see\/","title":{"rendered":"Ein Tag am See"},"content":{"rendered":"<p><strong>Ein kleiner Hauch von Urlaubsfeeling \u2013 die Lerngruppen 9 besuchen \u00dcberlingen am Bodensee<\/strong><\/p>\n\n\n\n<p>Am Dienstag unternahmen die Lerngruppen 9 gemeinsam mit ihren Lerngruppenbegleiterinnen Frau H\u00f6rger und Frau M\u00fcller einen erlebnisreichen Ausflug nach \u00dcberlingen am Bodensee. Bei gutem Wetter begann der Tag mit einem Spaziergang durch den Stadtgarten. Dort bestaunten die Lernpartnerinnen und Lernpartner die beeindruckende Pflanzenvielfalt und die besondere Flora \u2013 ein gr\u00fcnes Paradies mitten in der Stadt.<\/p>\n\n\n\n<p>Ein besonderes Highlight war der Zwischenstopp beim Eiscaf\u00e9. Mit dem \u00fcber l\u00e4ngere Zeit gesammelten Pfandgeld konnten sich alle ein leckeres Eis g\u00f6nnen \u2013 eine willkommene Erfrischung und eine sch\u00f6ne Belohnung f\u00fcr das gemeinsame Engagement.<\/p>\n\n\n\n<p>Anschlie\u00dfend wanderte die Gruppe zu einem Aussichtspunkt oberhalb der Stadt. Der Aufstieg wurde mit einem grandiosen Blick \u00fcber ganz \u00dcberlingen und den glitzernden Bodensee belohnt.<\/p>\n\n\n\n<p>Die restliche Zeit bis zur R\u00fcckkehr durfte in Dreiergruppen individuell gestaltet werden \u2013 einige Lernpartnerinnen und Lernpartner nutzten die Gelegenheit zum Shoppen, andere zum Mittagessen oder Ballspielen, weitere erkundeten die sch\u00f6ne Stadt noch ausgiebiger.<\/p>\n\n\n\n<p>Der Ausflug war f\u00fcr alle Beteiligten ein voller Erfolg und wird sicher noch lange in guter Erinnerung bleiben.<\/p>\n\n\n\n<p><em>Text: Julia M\u00fcller&nbsp;<\/em><\/p>\n\n\n\n<p><em>Foto: Marijke H\u00f6rger&nbsp;<\/em><\/p>","protected":false},"excerpt":{"rendered":"<p>Ein kleiner Hauch von Urlaubsfeeling \u2013 die Lerngruppen 9 besuchen \u00dcberlingen am Bodensee Am Dienstag unternahmen die Lerngruppen 9 gemeinsam mit ihren Lerngruppenbegleiterinnen Frau H\u00f6rger und Frau M\u00fcller einen erlebnisreichen &hellip; <\/p>","protected":false},"author":26,"featured_media":8170,"comment_status":"closed","ping_status":"closed","sticky":false,"template":"","format":"standard","meta":{"footnotes":""},"categories":[1,21],"tags":[],"class_list":["post-8169","post","type-post","status-publish","format-standard","has-post-thumbnail","hentry","category-allgemein","category-exkursionen-und-lerngaenge"],"_links":{"self":[{"href":"https:\/\/www.schulzentrum-stetten-akm.de\/pl\/wp-json\/wp\/v2\/posts\/8169","targetHints":{"allow":["GET"]}}],"collection":[{"href":"https:\/\/www.schulzentrum-stetten-akm.de\/pl\/wp-json\/wp\/v2\/posts"}],"about":[{"href":"https:\/\/www.schulzentrum-stetten-akm.de\/pl\/wp-json\/wp\/v2\/types\/post"}],"author":[{"embeddable":true,"href":"https:\/\/www.schulzentrum-stetten-akm.de\/pl\/wp-json\/wp\/v2\/users\/26"}],"replies":[{"embeddable":true,"href":"https:\/\/www.schulzentrum-stetten-akm.de\/pl\/wp-json\/wp\/v2\/comments?post=8169"}],"version-history":[{"count":1,"href":"https:\/\/www.schulzentrum-stetten-akm.de\/pl\/wp-json\/wp\/v2\/posts\/8169\/revisions"}],"predecessor-version":[{"id":8171,"href":"https:\/\/www.schulzentrum-stetten-akm.de\/pl\/wp-json\/wp\/v2\/posts\/8169\/revisions\/8171"}],"wp:featuredmedia":[{"embeddable":true,"href":"https:\/\/www.schulzentrum-stetten-akm.de\/pl\/wp-json\/wp\/v2\/media\/8170"}],"wp:attachment":[{"href":"https:\/\/www.schulzentrum-stetten-akm.de\/pl\/wp-json\/wp\/v2\/media?parent=8169"}],"wp:term":[{"taxonomy":"category","embeddable":true,"href":"https:\/\/www.schulzentrum-stetten-akm.de\/pl\/wp-json\/wp\/v2\/categories?post=8169"},{"taxonomy":"post_tag","embeddable":true,"href":"https:\/\/www.schulzentrum-stetten-akm.de\/pl\/wp-json\/wp\/v2\/tags?post=8169"}],"curies":[{"name":"wp","href":"https:\/\/api.w.org\/{rel}","templated":true}]}}