{"id":8078,"date":"2025-05-05T13:11:47","date_gmt":"2025-05-05T11:11:47","guid":{"rendered":"https:\/\/www.schulzentrum-stetten-akm.de\/?p=8078"},"modified":"2025-05-05T14:18:49","modified_gmt":"2025-05-05T12:18:49","slug":"verabschiedung-von-frau-sonja-schwenk","status":"publish","type":"post","link":"https:\/\/www.schulzentrum-stetten-akm.de\/pl\/verabschiedung-von-frau-sonja-schwenk\/","title":{"rendered":"Mit Herz und Hand f\u00fcr unsere Kinder"},"content":{"rendered":"<p><\/p>\n\n\n\n<p>In einer kleinen herzlichen Feierstunde wurde Frau Sonja Schwenk am Schulzentrum Stetten am kalten Markt verabschiedet. Die Schulleitung, vertreten durch Herrn Dr. Christof Probst, das Betreuungsteam sowie das Team der Schulsozialarbeit nahmen gemeinsam Abschied von einer gesch\u00e4tzten Kollegin.<\/p>\n\n\n\n<p>Herr Dr. Probst \u00fcberreichte Frau Schwenk \u2013 auch im Namen der Gemeinde Stetten am kalten Markt \u2013 einen Blumengru\u00df als Zeichen des Dankes und der Anerkennung. Das Lehrerkollegium \u00fcberbrachte seine guten W\u00fcnsche in Form eines liebevoll gestalteten Plakats. Auch das Betreuungsteam lie\u00df es sich nicht nehmen, mit einem kleinen Schmuckpr\u00e4sent \u201eDanke\u201c zu sagen.<\/p>\n\n\n\n<p>Frau Schwenk war seit dem 01.09.2001 fester Bestandteil der Grundschulbetreuung. In all den Jahren begleitete sie viele Kinder mit gro\u00dfem Einf\u00fchlungsverm\u00f6gen, Geduld und einem stets offenen Ohr. Sie hatte ein ausgesprochen gutes H\u00e4ndchen im Umgang mit Grundsch\u00fclern und war bei den Kindern ebenso beliebt wie bei allen am Schulalltag Beteiligten.<\/p>\n\n\n\n<p>F\u00fcr ihren neuen Lebensabschnitt in Feldstetten, ihrem neuen Lebensmittelpunkt, w\u00fcnschen wir Frau Schwenk von Herzen alles Gute, Gesundheit und viele sch\u00f6ne neue Erfahrungen. Sie wird uns in bester Erinnerung bleiben.<\/p>\n\n\n\n<p>Quelle: Manuela Keller<\/p>","protected":false},"excerpt":{"rendered":"<p>In einer kleinen herzlichen Feierstunde wurde Frau Sonja Schwenk am Schulzentrum Stetten am kalten Markt verabschiedet. Die Schulleitung, vertreten durch Herrn Dr. Christof Probst, das Betreuungsteam sowie das Team der &hellip; <\/p>","protected":false},"author":26,"featured_media":0,"comment_status":"closed","ping_status":"closed","sticky":false,"template":"","format":"standard","meta":{"footnotes":""},"categories":[1,22],"tags":[],"class_list":["post-8078","post","type-post","status-publish","format-standard","hentry","category-allgemein","category-schulalltag"],"_links":{"self":[{"href":"https:\/\/www.schulzentrum-stetten-akm.de\/pl\/wp-json\/wp\/v2\/posts\/8078","targetHints":{"allow":["GET"]}}],"collection":[{"href":"https:\/\/www.schulzentrum-stetten-akm.de\/pl\/wp-json\/wp\/v2\/posts"}],"about":[{"href":"https:\/\/www.schulzentrum-stetten-akm.de\/pl\/wp-json\/wp\/v2\/types\/post"}],"author":[{"embeddable":true,"href":"https:\/\/www.schulzentrum-stetten-akm.de\/pl\/wp-json\/wp\/v2\/users\/26"}],"replies":[{"embeddable":true,"href":"https:\/\/www.schulzentrum-stetten-akm.de\/pl\/wp-json\/wp\/v2\/comments?post=8078"}],"version-history":[{"count":7,"href":"https:\/\/www.schulzentrum-stetten-akm.de\/pl\/wp-json\/wp\/v2\/posts\/8078\/revisions"}],"predecessor-version":[{"id":8086,"href":"https:\/\/www.schulzentrum-stetten-akm.de\/pl\/wp-json\/wp\/v2\/posts\/8078\/revisions\/8086"}],"wp:attachment":[{"href":"https:\/\/www.schulzentrum-stetten-akm.de\/pl\/wp-json\/wp\/v2\/media?parent=8078"}],"wp:term":[{"taxonomy":"category","embeddable":true,"href":"https:\/\/www.schulzentrum-stetten-akm.de\/pl\/wp-json\/wp\/v2\/categories?post=8078"},{"taxonomy":"post_tag","embeddable":true,"href":"https:\/\/www.schulzentrum-stetten-akm.de\/pl\/wp-json\/wp\/v2\/tags?post=8078"}],"curies":[{"name":"wp","href":"https:\/\/api.w.org\/{rel}","templated":true}]}}