{"id":7856,"date":"2025-02-20T15:40:06","date_gmt":"2025-02-20T14:40:06","guid":{"rendered":"https:\/\/www.schulzentrum-stetten-akm.de\/?p=7856"},"modified":"2025-02-21T08:43:11","modified_gmt":"2025-02-21T07:43:11","slug":"rechercheschulung-durch-einen-referenten-der-stadtbuecherei-albstadt","status":"publish","type":"post","link":"https:\/\/www.schulzentrum-stetten-akm.de\/pl\/rechercheschulung-durch-einen-referenten-der-stadtbuecherei-albstadt\/","title":{"rendered":"Rechercheschulung"},"content":{"rendered":"<p><\/p>\n\n\n\n<p>Am Mittwoch, den 19.02.2025, durften die Sch\u00fcler des M-Niveaus der neunten Jahrgangsstufe zusammen mit ihren Deutschlehrkr\u00e4ften Frau Winkelmann und Frau M\u00fcller an einer Rechercheschulung durch Herrn Patrick Zeisl, einem Mitarbeiter der Stadtb\u00fccherei in Albstadt, teilnehmen. Bei dieser Schulung wurden den Lernpartnern hilfreiche Websites, Tipps und Tricks in Bezug auf eine Internetrecherche vorgef\u00fchrt und an die Hand gegeben. Besonders interessant war das Aufgreifen der k\u00fcnstlichen Intelligenz im Kontext sowie die Hinweise zur sinnvollen Nutzung dieser. Im zweiten Teil durften die Lernpartner das Vorgestellte praxisnah an ihren eigenen GFS-Pr\u00e4sentationsthemen selbst ausprobieren. Wir danken Herrn Zeisl f\u00fcr den Besuch in unserer Schule und die hilfreichen Tipps.<\/p>\n\n\n\n<p><em>Quelle: Jasmin Winkelmann und Julia M\u00fcller&nbsp;<\/em><\/p>","protected":false},"excerpt":{"rendered":"<p>Am Mittwoch, den 19.02.2025, durften die Sch\u00fcler des M-Niveaus der neunten Jahrgangsstufe zusammen mit ihren Deutschlehrkr\u00e4ften Frau Winkelmann und Frau M\u00fcller an einer Rechercheschulung durch Herrn Patrick Zeisl, einem Mitarbeiter &hellip; <\/p>","protected":false},"author":26,"featured_media":0,"comment_status":"closed","ping_status":"closed","sticky":false,"template":"","format":"standard","meta":{"footnotes":""},"categories":[1,22],"tags":[],"class_list":["post-7856","post","type-post","status-publish","format-standard","hentry","category-allgemein","category-schulalltag"],"_links":{"self":[{"href":"https:\/\/www.schulzentrum-stetten-akm.de\/pl\/wp-json\/wp\/v2\/posts\/7856","targetHints":{"allow":["GET"]}}],"collection":[{"href":"https:\/\/www.schulzentrum-stetten-akm.de\/pl\/wp-json\/wp\/v2\/posts"}],"about":[{"href":"https:\/\/www.schulzentrum-stetten-akm.de\/pl\/wp-json\/wp\/v2\/types\/post"}],"author":[{"embeddable":true,"href":"https:\/\/www.schulzentrum-stetten-akm.de\/pl\/wp-json\/wp\/v2\/users\/26"}],"replies":[{"embeddable":true,"href":"https:\/\/www.schulzentrum-stetten-akm.de\/pl\/wp-json\/wp\/v2\/comments?post=7856"}],"version-history":[{"count":4,"href":"https:\/\/www.schulzentrum-stetten-akm.de\/pl\/wp-json\/wp\/v2\/posts\/7856\/revisions"}],"predecessor-version":[{"id":7881,"href":"https:\/\/www.schulzentrum-stetten-akm.de\/pl\/wp-json\/wp\/v2\/posts\/7856\/revisions\/7881"}],"wp:attachment":[{"href":"https:\/\/www.schulzentrum-stetten-akm.de\/pl\/wp-json\/wp\/v2\/media?parent=7856"}],"wp:term":[{"taxonomy":"category","embeddable":true,"href":"https:\/\/www.schulzentrum-stetten-akm.de\/pl\/wp-json\/wp\/v2\/categories?post=7856"},{"taxonomy":"post_tag","embeddable":true,"href":"https:\/\/www.schulzentrum-stetten-akm.de\/pl\/wp-json\/wp\/v2\/tags?post=7856"}],"curies":[{"name":"wp","href":"https:\/\/api.w.org\/{rel}","templated":true}]}}