{"id":7829,"date":"2025-02-18T12:52:48","date_gmt":"2025-02-18T11:52:48","guid":{"rendered":"https:\/\/www.schulzentrum-stetten-akm.de\/?p=7829"},"modified":"2025-02-20T16:15:49","modified_gmt":"2025-02-20T15:15:49","slug":"erfolgreiche-rezertifizierung-schulzentrum-bleibt-bewegungsschule","status":"publish","type":"post","link":"https:\/\/www.schulzentrum-stetten-akm.de\/pl\/erfolgreiche-rezertifizierung-schulzentrum-bleibt-bewegungsschule\/","title":{"rendered":"Schulzentrum bleibt Bewegungsschule"},"content":{"rendered":"<p><\/p>\n\n\n\n<p>Im Februar hat das Schulzentrum Stetten am kalten Markt erfolgreich das Rezertifizierungsverfahren f\u00fcr die Sekundarstufe I als weiterf\u00fchrende Schule mit sport- und bewegungserzieherischem Schwerpunkt durchlaufen.<\/p>\n\n\n\n<p>Das umfangreiche Verfahren wurde vom Fachbereich Schulsport und Schulsportentwicklung des Zentrums f\u00fcr Schulqualit\u00e4t und Lehrerbildung (ZSL) durchgef\u00fchrt. Dabei wurden verschiedene Bausteine bewertet:<\/p>\n\n\n\n<ul class=\"wp-block-list\">\n<li><strong>Baustein 1:<\/strong>&nbsp;Sportunterricht<\/li>\n\n\n\n<li><strong>Baustein 2:<\/strong>&nbsp;Bewegung als Unterrichtsprinzip<\/li>\n\n\n\n<li><strong>Baustein 3:<\/strong>&nbsp;Rhythmisierung des Schulalltags und Schuljahres<\/li>\n\n\n\n<li><strong>Baustein 4:<\/strong>&nbsp;Bewegungsfreundliche Gestaltung von Schulgel\u00e4nde und Schulgeb\u00e4ude<\/li>\n\n\n\n<li><strong>Baustein 5:<\/strong>&nbsp;Aktive Pausen<\/li>\n\n\n\n<li><strong>Baustein 6:<\/strong>&nbsp;Au\u00dferunterrichtliche Bewegungs-, Spiel- und Sportangebote<\/li>\n\n\n\n<li><strong>Baustein 7:<\/strong>&nbsp;Schulwege als Bewegungswege<\/li>\n\n\n\n<li><strong>Baustein 8:<\/strong>&nbsp;Gesunde Ern\u00e4hrung<\/li>\n<\/ul>\n\n\n\n<p>In all diesen Bereichen erf\u00fcllte das Schulzentrum Stetten am kalten Markt alle geforderten Kriterien vollumf\u00e4nglich. Als Anerkennung f\u00fcr dieses Engagement erh\u00e4lt die Schule das von Kultusministerin Theresa Schopper unterzeichnete Zertifikat &#8222;Weiterf\u00fchrende Schule mit sport- und bewegungserzieherischem Schwerpunkt&#8220; f\u00fcr weitere f\u00fcnf Jahre (2025-2029).<\/p>\n\n\n\n<p>Wir freuen uns \u00fcber diese Best\u00e4tigung und werden auch in Zukunft darauf setzen, Bewegung und Sport als festen Bestandteil unseres Schulalltags zu etablieren!<\/p>\n\n\n\n<p>Quelle: Konrektor J\u00fcrgen Lebherz<\/p>","protected":false},"excerpt":{"rendered":"<p>Im Februar hat das Schulzentrum Stetten am kalten Markt erfolgreich das Rezertifizierungsverfahren f\u00fcr die Sekundarstufe I als weiterf\u00fchrende Schule mit sport- und bewegungserzieherischem Schwerpunkt durchlaufen. Das umfangreiche Verfahren wurde vom &hellip; <\/p>","protected":false},"author":26,"featured_media":7838,"comment_status":"closed","ping_status":"closed","sticky":false,"template":"","format":"standard","meta":{"footnotes":""},"categories":[1,23],"tags":[],"class_list":["post-7829","post","type-post","status-publish","format-standard","has-post-thumbnail","hentry","category-allgemein","category-sport"],"_links":{"self":[{"href":"https:\/\/www.schulzentrum-stetten-akm.de\/pl\/wp-json\/wp\/v2\/posts\/7829","targetHints":{"allow":["GET"]}}],"collection":[{"href":"https:\/\/www.schulzentrum-stetten-akm.de\/pl\/wp-json\/wp\/v2\/posts"}],"about":[{"href":"https:\/\/www.schulzentrum-stetten-akm.de\/pl\/wp-json\/wp\/v2\/types\/post"}],"author":[{"embeddable":true,"href":"https:\/\/www.schulzentrum-stetten-akm.de\/pl\/wp-json\/wp\/v2\/users\/26"}],"replies":[{"embeddable":true,"href":"https:\/\/www.schulzentrum-stetten-akm.de\/pl\/wp-json\/wp\/v2\/comments?post=7829"}],"version-history":[{"count":5,"href":"https:\/\/www.schulzentrum-stetten-akm.de\/pl\/wp-json\/wp\/v2\/posts\/7829\/revisions"}],"predecessor-version":[{"id":7840,"href":"https:\/\/www.schulzentrum-stetten-akm.de\/pl\/wp-json\/wp\/v2\/posts\/7829\/revisions\/7840"}],"wp:featuredmedia":[{"embeddable":true,"href":"https:\/\/www.schulzentrum-stetten-akm.de\/pl\/wp-json\/wp\/v2\/media\/7838"}],"wp:attachment":[{"href":"https:\/\/www.schulzentrum-stetten-akm.de\/pl\/wp-json\/wp\/v2\/media?parent=7829"}],"wp:term":[{"taxonomy":"category","embeddable":true,"href":"https:\/\/www.schulzentrum-stetten-akm.de\/pl\/wp-json\/wp\/v2\/categories?post=7829"},{"taxonomy":"post_tag","embeddable":true,"href":"https:\/\/www.schulzentrum-stetten-akm.de\/pl\/wp-json\/wp\/v2\/tags?post=7829"}],"curies":[{"name":"wp","href":"https:\/\/api.w.org\/{rel}","templated":true}]}}