{"id":7801,"date":"2025-02-10T14:27:52","date_gmt":"2025-02-10T13:27:52","guid":{"rendered":"https:\/\/www.schulzentrum-stetten-akm.de\/?p=7801"},"modified":"2025-02-20T18:30:05","modified_gmt":"2025-02-20T17:30:05","slug":"ein-tag-voller-schnee-eis-und-abenteuer-unser-wintersporttag-2025","status":"publish","type":"post","link":"https:\/\/www.schulzentrum-stetten-akm.de\/pl\/ein-tag-voller-schnee-eis-und-abenteuer-unser-wintersporttag-2025\/","title":{"rendered":"Ein Tag voller Schnee, Eis und Abenteuer"},"content":{"rendered":"<p>Am Donnerstag, den 6. Februar 2025, fand der Wintersporttag unserer Schule statt. Die Sch\u00fcler der Lerngruppen 5 bis 10 hatten die M\u00f6glichkeit, zwischen verschiedenen sportlichen Aktivit\u00e4ten zu w\u00e4hlen. Am Sonnenkopf in \u00d6sterreich herrschte bestes Wetter, w\u00e4hrend in Stetten am kalten Markt eher ungem\u00fctliche Bedingungen vorherrschten. Dennoch erlebten die Sch\u00fcler einen abwechslungsreichen Tag voller Bewegung und Gemeinschaft.<\/p>\n\n\n\n<p><strong>Skifahren am Sonnenkopf<\/strong><\/p>\n\n\n\n<p>Die Gruppe der Skifahrer verbrachte einen herrlichen Tag im Skigebiet Sonnenkopf. Bei strahlendem Sonnenschein genossen die Sch\u00fcler bestens pr\u00e4parierte Pisten. Egal ob Anf\u00e4nger oder erfahrene Skifahrer \u2013 alle hatten sichtlich Freude daran, die H\u00e4nge hinabzusausen und sich sportlich herauszufordern. Die beeindruckende Bergkulisse und die frische Bergluft machten das Skierlebnis perfekt.<\/p>\n\n\n\n<p><strong>Winterwandern rund um Stetten am kalten Markt<\/strong><\/p>\n\n\n\n<p>Die Winterwanderer stellten sich einer besonderen Herausforderung: Eisregen und rutschige Wege machten die Tour zu einem echten Abenteuer. Doch mit guter Ausr\u00fcstung und gegenseitiger Unterst\u00fctzung trotzten sie den winterlichen Bedingungen. Trotz der Anstrengung war die Stimmung gut, und die Gruppe wurde mit einem besonderen Naturerlebnis belohnt.<\/p>\n\n\n\n<p><\/p>\n\n\n\n<p><strong>Schwimmen im Erlebnisbad Badkap<\/strong><\/p>\n\n\n\n<p>Wer sich lieber im Wasser austoben wollte, entschied sich f\u00fcr das Erlebnisbad &#8222;Badkap&#8220;. Dort erwarteten die Sch\u00fcler abwechslungsreiche Attraktionen. Besonders die Wasserrutschen erfreuten sich gro\u00dfer Beliebtheit. W\u00e4hrend einige sich mutig die steilen Rutschen hinunterst\u00fcrzten, entspannten andere im warmen Wasser. Die gemeinsame Zeit im Schwimmbad war sch\u00f6n und sorgte f\u00fcr ausgelassene Stimmung.<\/p>\n\n\n\n<p><strong>Schlittschuhlaufen in Balingen<\/strong><\/p>\n\n\n\n<p>Auch auf der Eisbahn in Balingen ging es sportlich zu. 108 Sch\u00fcler verbrachten gemeinsam mit sechs Lehrkr\u00e4ften einen Vormittag auf dem Eis. W\u00e4hrend einige vorsichtig ihre ersten Schritte wagten, drehten andere gekonnt ihre Runden. Das Lachen und die fr\u00f6hlichen Zurufe machten die ausgelassene Atmosph\u00e4re perfekt. Kleine Ausrutscher wurden mit Humor genommen, denn das Motto lautete: Aufstehen, weitermachen und gemeinsam Spa\u00df haben.<\/p>\n\n\n\n<figure class=\"wp-block-image size-large\"><img loading=\"lazy\" decoding=\"async\" width=\"1024\" height=\"768\" src=\"https:\/\/www.schulzentrum-stetten-akm.de\/wp-content\/uploads\/2025\/02\/f8c8718f-c6d2-4c7a-a978-64d7740e76a3-1024x768.jpeg\" alt=\"\" class=\"wp-image-7803\" srcset=\"https:\/\/www.schulzentrum-stetten-akm.de\/wp-content\/uploads\/2025\/02\/f8c8718f-c6d2-4c7a-a978-64d7740e76a3-1024x768.jpeg 1024w, https:\/\/www.schulzentrum-stetten-akm.de\/wp-content\/uploads\/2025\/02\/f8c8718f-c6d2-4c7a-a978-64d7740e76a3-300x225.jpeg 300w, https:\/\/www.schulzentrum-stetten-akm.de\/wp-content\/uploads\/2025\/02\/f8c8718f-c6d2-4c7a-a978-64d7740e76a3-768x576.jpeg 768w, https:\/\/www.schulzentrum-stetten-akm.de\/wp-content\/uploads\/2025\/02\/f8c8718f-c6d2-4c7a-a978-64d7740e76a3-1536x1152.jpeg 1536w, https:\/\/www.schulzentrum-stetten-akm.de\/wp-content\/uploads\/2025\/02\/f8c8718f-c6d2-4c7a-a978-64d7740e76a3-16x12.jpeg 16w, https:\/\/www.schulzentrum-stetten-akm.de\/wp-content\/uploads\/2025\/02\/f8c8718f-c6d2-4c7a-a978-64d7740e76a3.jpeg 2000w\" sizes=\"auto, (max-width: 1024px) 100vw, 1024px\" \/><\/figure>\n\n\n\n<p>Nach einem ereignisreichen Tag traten alle Gruppen mit vielen sch\u00f6nen Erinnerungen die R\u00fcckreise an. Der Wintersporttag 2025 wird allen Beteiligten noch lange in Erinnerung bleiben.<\/p>","protected":false},"excerpt":{"rendered":"<p>Am Donnerstag, den 6. Februar 2025, fand der Wintersporttag unserer Schule statt. Die Sch\u00fcler der Lerngruppen 5 bis 10 hatten die M\u00f6glichkeit, zwischen verschiedenen sportlichen Aktivit\u00e4ten zu w\u00e4hlen. Am Sonnenkopf &hellip; <\/p>","protected":false},"author":26,"featured_media":7802,"comment_status":"closed","ping_status":"closed","sticky":false,"template":"","format":"standard","meta":{"footnotes":""},"categories":[1,21,23],"tags":[],"class_list":["post-7801","post","type-post","status-publish","format-standard","has-post-thumbnail","hentry","category-allgemein","category-exkursionen-und-lerngaenge","category-sport"],"_links":{"self":[{"href":"https:\/\/www.schulzentrum-stetten-akm.de\/pl\/wp-json\/wp\/v2\/posts\/7801","targetHints":{"allow":["GET"]}}],"collection":[{"href":"https:\/\/www.schulzentrum-stetten-akm.de\/pl\/wp-json\/wp\/v2\/posts"}],"about":[{"href":"https:\/\/www.schulzentrum-stetten-akm.de\/pl\/wp-json\/wp\/v2\/types\/post"}],"author":[{"embeddable":true,"href":"https:\/\/www.schulzentrum-stetten-akm.de\/pl\/wp-json\/wp\/v2\/users\/26"}],"replies":[{"embeddable":true,"href":"https:\/\/www.schulzentrum-stetten-akm.de\/pl\/wp-json\/wp\/v2\/comments?post=7801"}],"version-history":[{"count":5,"href":"https:\/\/www.schulzentrum-stetten-akm.de\/pl\/wp-json\/wp\/v2\/posts\/7801\/revisions"}],"predecessor-version":[{"id":7878,"href":"https:\/\/www.schulzentrum-stetten-akm.de\/pl\/wp-json\/wp\/v2\/posts\/7801\/revisions\/7878"}],"wp:featuredmedia":[{"embeddable":true,"href":"https:\/\/www.schulzentrum-stetten-akm.de\/pl\/wp-json\/wp\/v2\/media\/7802"}],"wp:attachment":[{"href":"https:\/\/www.schulzentrum-stetten-akm.de\/pl\/wp-json\/wp\/v2\/media?parent=7801"}],"wp:term":[{"taxonomy":"category","embeddable":true,"href":"https:\/\/www.schulzentrum-stetten-akm.de\/pl\/wp-json\/wp\/v2\/categories?post=7801"},{"taxonomy":"post_tag","embeddable":true,"href":"https:\/\/www.schulzentrum-stetten-akm.de\/pl\/wp-json\/wp\/v2\/tags?post=7801"}],"curies":[{"name":"wp","href":"https:\/\/api.w.org\/{rel}","templated":true}]}}