{"id":7762,"date":"2025-01-13T10:49:43","date_gmt":"2025-01-13T09:49:43","guid":{"rendered":"https:\/\/www.schulzentrum-stetten-akm.de\/?p=7762"},"modified":"2025-01-15T09:50:23","modified_gmt":"2025-01-15T08:50:23","slug":"schneespass-am-diedamskopf","status":"publish","type":"post","link":"https:\/\/www.schulzentrum-stetten-akm.de\/pl\/schneespass-am-diedamskopf\/","title":{"rendered":"Schneespa\u00df am Diedamskopf"},"content":{"rendered":"<p>Im Rahmen des Profilfachs Sport der Lerngruppen 9 fand in der vergangenen Woche eine aufregende Skiausfahrt statt. Mit gro\u00dfer Vorfreude brachen am Mittwochmittag 30 Lernpartner aus den Lerngruppen 6 bis 10 gemeinsam mit ihren betreuenden Lehrkr\u00e4ften auf. Ziel war das gem\u00fctliche Haus Don Bosco des DAV Pfullendorf im \u00f6sterreichischen Au.<\/p>\n\n\n\n<p>Nach der Ankunft stand der erste Abend ganz im Zeichen von Gemeinschaft und Natur: Eine stimmungsvolle Fackelwanderung durch die verschneite Winterlandschaft bildete den perfekten Auftakt f\u00fcr das bevorstehende Abenteuer.<\/p>\n\n\n\n<p>Die sportlichen H\u00f6hepunkte folgten am Donnerstag und Freitag. Bei strahlendem Sonnenschein und besten Schneeverh\u00e4ltnissen erlebten die Teilnehmer am Diedamskopf unvergessliche Stunden auf Skiern und Snowboards. Die Abfahrten boten f\u00fcr alle das passende Ma\u00df an Herausforderung und Spa\u00df. Unterst\u00fctzt von engagierten Lehrkr\u00e4ften konnten viele ihr K\u00f6nnen verbessern und die winterliche Bergwelt in vollen Z\u00fcgen genie\u00dfen.<\/p>\n\n\n\n<p>Am Freitagnachmittag ging es schlie\u00dflich mit vielen neuen Eindr\u00fccken und sch\u00f6nen Erinnerungen im Gep\u00e4ck zur\u00fcck nach Stetten. Die Skiausfahrt war nicht nur eine sportliche Bereicherung, sondern auch eine wunderbare Gelegenheit, den Zusammenhalt innerhalb der Lerngruppen zu st\u00e4rken.<\/p>\n\n\n\n<p>Ein herzlicher Dank geht an alle, die diese erlebnisreiche Fahrt organisiert und begleitet haben! Wir freuen uns schon auf weitere gemeinsame Unternehmungen.<\/p>","protected":false},"excerpt":{"rendered":"<p>Im Rahmen des Profilfachs Sport der Lerngruppen 9 fand in der vergangenen Woche eine aufregende Skiausfahrt statt. Mit gro\u00dfer Vorfreude brachen am Mittwochmittag 30 Lernpartner aus den Lerngruppen 6 bis &hellip; <\/p>","protected":false},"author":26,"featured_media":7768,"comment_status":"closed","ping_status":"closed","sticky":false,"template":"","format":"standard","meta":{"footnotes":""},"categories":[1,21,23],"tags":[],"class_list":["post-7762","post","type-post","status-publish","format-standard","has-post-thumbnail","hentry","category-allgemein","category-exkursionen-und-lerngaenge","category-sport"],"_links":{"self":[{"href":"https:\/\/www.schulzentrum-stetten-akm.de\/pl\/wp-json\/wp\/v2\/posts\/7762","targetHints":{"allow":["GET"]}}],"collection":[{"href":"https:\/\/www.schulzentrum-stetten-akm.de\/pl\/wp-json\/wp\/v2\/posts"}],"about":[{"href":"https:\/\/www.schulzentrum-stetten-akm.de\/pl\/wp-json\/wp\/v2\/types\/post"}],"author":[{"embeddable":true,"href":"https:\/\/www.schulzentrum-stetten-akm.de\/pl\/wp-json\/wp\/v2\/users\/26"}],"replies":[{"embeddable":true,"href":"https:\/\/www.schulzentrum-stetten-akm.de\/pl\/wp-json\/wp\/v2\/comments?post=7762"}],"version-history":[{"count":2,"href":"https:\/\/www.schulzentrum-stetten-akm.de\/pl\/wp-json\/wp\/v2\/posts\/7762\/revisions"}],"predecessor-version":[{"id":7767,"href":"https:\/\/www.schulzentrum-stetten-akm.de\/pl\/wp-json\/wp\/v2\/posts\/7762\/revisions\/7767"}],"wp:featuredmedia":[{"embeddable":true,"href":"https:\/\/www.schulzentrum-stetten-akm.de\/pl\/wp-json\/wp\/v2\/media\/7768"}],"wp:attachment":[{"href":"https:\/\/www.schulzentrum-stetten-akm.de\/pl\/wp-json\/wp\/v2\/media?parent=7762"}],"wp:term":[{"taxonomy":"category","embeddable":true,"href":"https:\/\/www.schulzentrum-stetten-akm.de\/pl\/wp-json\/wp\/v2\/categories?post=7762"},{"taxonomy":"post_tag","embeddable":true,"href":"https:\/\/www.schulzentrum-stetten-akm.de\/pl\/wp-json\/wp\/v2\/tags?post=7762"}],"curies":[{"name":"wp","href":"https:\/\/api.w.org\/{rel}","templated":true}]}}