{"id":7731,"date":"2024-12-20T19:34:01","date_gmt":"2024-12-20T18:34:01","guid":{"rendered":"https:\/\/www.schulzentrum-stetten-akm.de\/?p=7731"},"modified":"2024-12-21T15:20:51","modified_gmt":"2024-12-21T14:20:51","slug":"weihnachtsgottesdienst-am-letzten-schultag","status":"publish","type":"post","link":"https:\/\/www.schulzentrum-stetten-akm.de\/pl\/weihnachtsgottesdienst-am-letzten-schultag\/","title":{"rendered":"Sch\u00fclergottesdienst"},"content":{"rendered":"<p>Am Donnerstag, den 19. Dezember 2024, feierten die Sch\u00fcler des Schulzentrums ihren letzten Schultag des Jahres auf besondere Weise. In der ersten Stunde versammelten sich alle Jahrgangsstufen in der voll besetzten Kirche &#8222;Sankt Mauritius&#8220; zu einem feierlichen Weihnachtsgottesdienst. Es gab keinen freien Platz mehr, und das schon fr\u00fch am Morgen.<\/p>\n\n\n\n<p>Zu Beginn des Gottesdienstes begr\u00fc\u00dfte die Sch\u00fclersprecherin Leonie Hipp alle Anwesenden herzlich. Der Gottesdienst stand unter dem Motto &#8222;So kann Frieden entstehen: warum wir Weihnachten feiern&#8220; und bot Gelegenheit zur Besinnung und Einstimmung auf das Weihnachtsfest. Die Gestaltung \u00fcbernahmen die Lerngruppen 5 bis 10, w\u00e4hrend die Grundsch\u00fcler musikalisch unterst\u00fctzten.<\/p>\n\n\n\n<p>Das gemeinsame Singen traditioneller Weihnachtslieder, begleitet von Instrumentalisten aus der Schulgemeinschaft, war ein besonderes Erlebnis. Die Lieder waren: &#8222;Was hat wohl der Esel gedacht?&#8220;, &#8222;Stern \u00fcber Bethlehem&#8220;, &#8222;Herr gib uns deinen Frieden&#8220; und als Abschluss &#8222;Oh, du Fr\u00f6hliche&#8220;. Die festliche Atmosph\u00e4re wurde durch die liebevolle Dekoration der Kirche und das warme Kerzenlicht unterstrichen.<\/p>\n\n\n\n<p>Der Gottesdienst war eine wunderbare Gelegenheit, das Jahr gemeinsam ausklingen zu lassen, innezuhalten und sich auf die kommenden Feiertage zu freuen. Die Schulleitung bedankt sich bei allen Beteiligten, die zum Gelingen dieses besonderen Morgens beigetragen haben, und w\u00fcnscht der gesamten Schulgemeinschaft ein frohes Weihnachtsfest und einen guten Start ins neue Jahr 2025.<\/p>\n\n\n\n<p><\/p>\n\n\n\n<p>Quelle: Text Franziska Ritter, Bild Marijke H\u00f6rger<\/p>\n\n\n\n<p><\/p>","protected":false},"excerpt":{"rendered":"<p>Am Donnerstag, den 19. Dezember 2024, feierten die Sch\u00fcler des Schulzentrums ihren letzten Schultag des Jahres auf besondere Weise. In der ersten Stunde versammelten sich alle Jahrgangsstufen in der voll &hellip; <\/p>","protected":false},"author":26,"featured_media":7735,"comment_status":"closed","ping_status":"closed","sticky":false,"template":"","format":"standard","meta":{"footnotes":""},"categories":[1,20],"tags":[],"class_list":["post-7731","post","type-post","status-publish","format-standard","has-post-thumbnail","hentry","category-allgemein","category-veranstaltungen"],"_links":{"self":[{"href":"https:\/\/www.schulzentrum-stetten-akm.de\/pl\/wp-json\/wp\/v2\/posts\/7731","targetHints":{"allow":["GET"]}}],"collection":[{"href":"https:\/\/www.schulzentrum-stetten-akm.de\/pl\/wp-json\/wp\/v2\/posts"}],"about":[{"href":"https:\/\/www.schulzentrum-stetten-akm.de\/pl\/wp-json\/wp\/v2\/types\/post"}],"author":[{"embeddable":true,"href":"https:\/\/www.schulzentrum-stetten-akm.de\/pl\/wp-json\/wp\/v2\/users\/26"}],"replies":[{"embeddable":true,"href":"https:\/\/www.schulzentrum-stetten-akm.de\/pl\/wp-json\/wp\/v2\/comments?post=7731"}],"version-history":[{"count":7,"href":"https:\/\/www.schulzentrum-stetten-akm.de\/pl\/wp-json\/wp\/v2\/posts\/7731\/revisions"}],"predecessor-version":[{"id":7742,"href":"https:\/\/www.schulzentrum-stetten-akm.de\/pl\/wp-json\/wp\/v2\/posts\/7731\/revisions\/7742"}],"wp:featuredmedia":[{"embeddable":true,"href":"https:\/\/www.schulzentrum-stetten-akm.de\/pl\/wp-json\/wp\/v2\/media\/7735"}],"wp:attachment":[{"href":"https:\/\/www.schulzentrum-stetten-akm.de\/pl\/wp-json\/wp\/v2\/media?parent=7731"}],"wp:term":[{"taxonomy":"category","embeddable":true,"href":"https:\/\/www.schulzentrum-stetten-akm.de\/pl\/wp-json\/wp\/v2\/categories?post=7731"},{"taxonomy":"post_tag","embeddable":true,"href":"https:\/\/www.schulzentrum-stetten-akm.de\/pl\/wp-json\/wp\/v2\/tags?post=7731"}],"curies":[{"name":"wp","href":"https:\/\/api.w.org\/{rel}","templated":true}]}}