{"id":7438,"date":"2024-09-29T18:12:57","date_gmt":"2024-09-29T16:12:57","guid":{"rendered":"https:\/\/www.schulzentrum-stetten-akm.de\/?p=7438"},"modified":"2024-12-22T17:22:52","modified_gmt":"2024-12-22T16:22:52","slug":"kinderfussballtag-2024","status":"publish","type":"post","link":"https:\/\/www.schulzentrum-stetten-akm.de\/pl\/kinderfussballtag-2024\/","title":{"rendered":"Profi-Fu\u00dfballtraining"},"content":{"rendered":"<h3 class=\"wp-block-heading\">Kinderfu\u00dfballtag am Schulzentrum Stetten \u2013 Ein unvergessliches Erlebnis!<\/h3>\n\n\n\n<p>Am Freitag, den 29. September 2024, veranstalteten die Lerngruppen 6.1 und 6.2 des Schulzentrums Stetten einen ganz besonderen Kinderfu\u00dfballtag. In Zusammenarbeit mit dem Unternehmen FutureSport und der Fu\u00dfballschule GOAL erhielten die Sch\u00fcler die Gelegenheit, in die Welt des Profi-Fu\u00dfballtrainings einzutauchen.<\/p>\n\n\n\n<p>Unter der professionellen Leitung von David Feichtenberger, Trainer der U13-Mannschaft des VfB Stuttgart, absolvierten die Kinder ein abwechslungsreiches Training, das sich an den Konzepten des Profifu\u00dfballs orientierte. Auf dem Programm standen unter anderem fu\u00dfballgerechtes Aufw\u00e4rmen, das Erlernen von Pass- und Schusstechniken, die richtige Ballf\u00fchrung und nat\u00fcrlich auch das Tore schie\u00dfen.<\/p>\n\n\n\n<p>Den H\u00f6hepunkt des Tages bildete ein spannendes Abschlussturnier, bei dem die Kinder ihr neu erlerntes K\u00f6nnen unter Beweis stellen konnten.<\/p>\n\n\n\n<p>Wir m\u00f6chten uns an dieser Stelle ganz herzlich bei unseren gro\u00dfz\u00fcgigen Sponsoren bedanken, die durch ihre Unterst\u00fctzung diesen Tag erst m\u00f6glich gemacht haben. Ohne ihre Hilfe w\u00e4re dieses tolle Erlebnis f\u00fcr unsere Sch\u00fcler nicht realisierbar gewesen.<\/p>\n\n\n\n<p>Das Team des Schulzentrums Stetten freut sich, solche besonderen Events f\u00fcr die Kinder zu erm\u00f6glichen und bedankt sich bei allen Beteiligten f\u00fcr ihre tatkr\u00e4ftige Unterst\u00fctzung!<\/p>\n\n\n\n<p><\/p>\n\n\n\n<figure class=\"wp-block-image size-large is-resized\"><img loading=\"lazy\" decoding=\"async\" width=\"1024\" height=\"1000\" src=\"https:\/\/www.schulzentrum-stetten-akm.de\/wp-content\/uploads\/2024\/09\/IMG_1025-1024x1000.jpeg\" alt=\"\" class=\"wp-image-7440\" style=\"width:293px;height:auto\" srcset=\"https:\/\/www.schulzentrum-stetten-akm.de\/wp-content\/uploads\/2024\/09\/IMG_1025-1024x1000.jpeg 1024w, https:\/\/www.schulzentrum-stetten-akm.de\/wp-content\/uploads\/2024\/09\/IMG_1025-300x293.jpeg 300w, https:\/\/www.schulzentrum-stetten-akm.de\/wp-content\/uploads\/2024\/09\/IMG_1025-768x750.jpeg 768w, https:\/\/www.schulzentrum-stetten-akm.de\/wp-content\/uploads\/2024\/09\/IMG_1025-12x12.jpeg 12w, https:\/\/www.schulzentrum-stetten-akm.de\/wp-content\/uploads\/2024\/09\/IMG_1025.jpeg 1078w\" sizes=\"auto, (max-width: 1024px) 100vw, 1024px\" \/><\/figure>\n\n\n\n<p><em>Quelle: Text von Franziska Ritter, Bild von Armin Hotz<\/em><\/p>","protected":false},"excerpt":{"rendered":"<p>Kinderfu\u00dfballtag am Schulzentrum Stetten \u2013 Ein unvergessliches Erlebnis! Am Freitag, den 29. September 2024, veranstalteten die Lerngruppen 6.1 und 6.2 des Schulzentrums Stetten einen ganz besonderen Kinderfu\u00dfballtag. In Zusammenarbeit mit &hellip; <\/p>","protected":false},"author":26,"featured_media":7439,"comment_status":"closed","ping_status":"closed","sticky":false,"template":"","format":"standard","meta":{"footnotes":""},"categories":[1,23],"tags":[],"class_list":["post-7438","post","type-post","status-publish","format-standard","has-post-thumbnail","hentry","category-allgemein","category-sport"],"_links":{"self":[{"href":"https:\/\/www.schulzentrum-stetten-akm.de\/pl\/wp-json\/wp\/v2\/posts\/7438","targetHints":{"allow":["GET"]}}],"collection":[{"href":"https:\/\/www.schulzentrum-stetten-akm.de\/pl\/wp-json\/wp\/v2\/posts"}],"about":[{"href":"https:\/\/www.schulzentrum-stetten-akm.de\/pl\/wp-json\/wp\/v2\/types\/post"}],"author":[{"embeddable":true,"href":"https:\/\/www.schulzentrum-stetten-akm.de\/pl\/wp-json\/wp\/v2\/users\/26"}],"replies":[{"embeddable":true,"href":"https:\/\/www.schulzentrum-stetten-akm.de\/pl\/wp-json\/wp\/v2\/comments?post=7438"}],"version-history":[{"count":5,"href":"https:\/\/www.schulzentrum-stetten-akm.de\/pl\/wp-json\/wp\/v2\/posts\/7438\/revisions"}],"predecessor-version":[{"id":7748,"href":"https:\/\/www.schulzentrum-stetten-akm.de\/pl\/wp-json\/wp\/v2\/posts\/7438\/revisions\/7748"}],"wp:featuredmedia":[{"embeddable":true,"href":"https:\/\/www.schulzentrum-stetten-akm.de\/pl\/wp-json\/wp\/v2\/media\/7439"}],"wp:attachment":[{"href":"https:\/\/www.schulzentrum-stetten-akm.de\/pl\/wp-json\/wp\/v2\/media?parent=7438"}],"wp:term":[{"taxonomy":"category","embeddable":true,"href":"https:\/\/www.schulzentrum-stetten-akm.de\/pl\/wp-json\/wp\/v2\/categories?post=7438"},{"taxonomy":"post_tag","embeddable":true,"href":"https:\/\/www.schulzentrum-stetten-akm.de\/pl\/wp-json\/wp\/v2\/tags?post=7438"}],"curies":[{"name":"wp","href":"https:\/\/api.w.org\/{rel}","templated":true}]}}