{"id":7115,"date":"2024-07-22T10:30:52","date_gmt":"2024-07-22T08:30:52","guid":{"rendered":"https:\/\/www.schulzentrum-stetten-akm.de\/?p=7115"},"modified":"2024-07-22T10:31:37","modified_gmt":"2024-07-22T08:31:37","slug":"schulfest-2024-pressebericht","status":"publish","type":"post","link":"https:\/\/www.schulzentrum-stetten-akm.de\/pl\/schulfest-2024-pressebericht\/","title":{"rendered":"Schulfest 2024 &#8211; Pressebericht"},"content":{"rendered":"<p><em>Bericht und Fotos von Gerd Feuerstein f\u00fcr S\u00fcdkurier. <\/em><\/p>\n\n\n\n<ul class=\"wp-block-list\">\n<li>Vielfalt der Angebote l\u00e4sst bei den G\u00e4sten keine W\u00fcnsche offen\u00a0<\/li>\n\n\n\n<li>Viertkl\u00e4ssler begeistern mit dem Musical \u201eEule findet den Beat\u201c<\/li>\n\n\n\n<li>Freunde des Schulzentrums organisieren Luftballonwettbewerb<\/li>\n<\/ul>\n\n\n\n<p>Stetten a.k.M. (gfe) Was f\u00fcr eine tolle Fete! Zum Schulfest des Stettener Schulzentrums str\u00f6mten am vergangenen Samstag wahre Besuchermassen. Und die bekamen auf dem gesamten Schulcampus so einiges geboten. Bei strahlendem Sonnenschein herrschte sowohl drinnen als auch drau\u00dfen ein buntes Gewusel. Unz\u00e4hlige flei\u00dfige H\u00e4nde wirkten mit, um die riesige G\u00e4steschar nicht nur bestens zu unterhalten, sondern auch kulinarisch zu verk\u00f6stigen.<\/p>\n\n\n\n<figure class=\"wp-block-image size-large\"><img loading=\"lazy\" decoding=\"async\" width=\"1024\" height=\"704\" src=\"https:\/\/www.schulzentrum-stetten-akm.de\/wp-content\/uploads\/2024\/07\/Schulfest-6-1024x704.jpg\" alt=\"\" class=\"wp-image-7120\" srcset=\"https:\/\/www.schulzentrum-stetten-akm.de\/wp-content\/uploads\/2024\/07\/Schulfest-6-1024x704.jpg 1024w, https:\/\/www.schulzentrum-stetten-akm.de\/wp-content\/uploads\/2024\/07\/Schulfest-6-300x206.jpg 300w, https:\/\/www.schulzentrum-stetten-akm.de\/wp-content\/uploads\/2024\/07\/Schulfest-6-768x528.jpg 768w, https:\/\/www.schulzentrum-stetten-akm.de\/wp-content\/uploads\/2024\/07\/Schulfest-6-18x12.jpg 18w, https:\/\/www.schulzentrum-stetten-akm.de\/wp-content\/uploads\/2024\/07\/Schulfest-6.jpg 1074w\" sizes=\"auto, (max-width: 1024px) 100vw, 1024px\" \/><figcaption class=\"wp-element-caption\">Die Stimmung unter den vielen Helferinnen und Helfern war super: \u201eSo macht das Ganze doch viel mehr Spa\u00df\u201c, waren sich (von links) der Oberstabsgefreite Runge, Irina Gr\u00fcner-Sauter, Tanja Gruber, Katharina Mroczkowska und Kerstin Keppeler einig.<\/figcaption><\/figure>\n\n\n\n<p>Alleine im schuleigenen Backh\u00e4usle wurden rund 300 Pizzen gebacken, fanden rei\u00dfenden Absatz: \u201eWir h\u00e4tten auch das Doppelte absetzen k\u00f6nnen, aber mehr war zeit- und arbeitstechnisch leider nicht zu schaffen\u201c, sagte Lehrer Stefan Rapp, der mit Siebtkl\u00e4sslern den Ofen im Backh\u00e4usle angeschmissen hatte. Doch damit lange nicht genug: Neben von Elternvertretern zubereiteten Pommes und gegrillten Roten servierten Kameraden der Bundeswehr leckeren Erbseneintopf, backten Sch\u00fclerinnen und Sch\u00fclerinnen frische Waffeln oder verkauften Kuchen, den Mamis und Papis in H\u00fclle und F\u00fclle gespendet hatten. Rektor Christof Probst zeigte sich beim Blick in den unteren Schulhof begeistert: \u201eDie Stimmung ist super, die Leute kommen miteinander ins Gespr\u00e4ch und was unsere Sch\u00fclerinnen und Sch\u00fcler auf die Beine gestellt haben, ist wirklich ganz gro\u00dfe Klasse\u201c, sagte er und traf den Nagel damit voll auf den Kopf.<\/p>\n\n\n\n<figure class=\"wp-block-image size-full\"><img loading=\"lazy\" decoding=\"async\" width=\"691\" height=\"792\" src=\"https:\/\/www.schulzentrum-stetten-akm.de\/wp-content\/uploads\/2024\/07\/Schulfest-4.jpg\" alt=\"\" class=\"wp-image-7116\" srcset=\"https:\/\/www.schulzentrum-stetten-akm.de\/wp-content\/uploads\/2024\/07\/Schulfest-4.jpg 691w, https:\/\/www.schulzentrum-stetten-akm.de\/wp-content\/uploads\/2024\/07\/Schulfest-4-262x300.jpg 262w, https:\/\/www.schulzentrum-stetten-akm.de\/wp-content\/uploads\/2024\/07\/Schulfest-4-10x12.jpg 10w\" sizes=\"auto, (max-width: 691px) 100vw, 691px\" \/><figcaption class=\"wp-element-caption\">Pizzen und Dennetle in rauen Mengen fabrizierten Lehrer Stefan Rapp und die flei\u00dfigen Siebtkl\u00e4ssler, von denen hier Lena und Sophie mit auf dem Bild sind.<\/figcaption><\/figure>\n\n\n\n<p>Denn von der ersten bis zur letzten Klasse hatten sich die Sch\u00fclerinnen und Sch\u00fcler mit ihren P\u00e4dagogen tolle Ideen einfallen lassen und pr\u00e4sentierten ihre Projekte beim Schulfest dem breiten Publikum. Da gab es Angebote zum blo\u00dfen Zuh\u00f6ren, Bummeln oder Zuschauen genauso wie eine riesige Palette zum Mitmachen und selbst aktiv werden. Vom Torwandschie\u00dfen, einem Ballonwettbewerb, einer Kinderolympiade bis hin zum B\u00fccherflohmarkt oder einem Sch\u00fclerkino, in dem obendrein Popcorn gratis serviert wurde: Neben einer tollen Bewirtung fehlte es wirklich an Nichts. Mit Begeisterung erkl\u00e4rten die Sch\u00fclerinnen und Sch\u00fcler ihre Ideen. So wie beispielsweise Maya und Lara, die mit einer Sch\u00fclergruppe der achten und neunten Klassen zusammen mit Lehrer Armin Hotz zwei Tage am Bodensee verbracht hatten und ihre &#8211; nach eigenem Bekunden &#8211; \u201etollen Erlebnisse\u201c &#8211; an einer Bilderwand pr\u00e4sentierten.\u00a0\u00a0<\/p>\n\n\n\n<figure class=\"wp-block-image size-large\"><img loading=\"lazy\" decoding=\"async\" width=\"1024\" height=\"677\" src=\"https:\/\/www.schulzentrum-stetten-akm.de\/wp-content\/uploads\/2024\/07\/Schulfest-3-1024x677.jpg\" alt=\"\" class=\"wp-image-7121\" srcset=\"https:\/\/www.schulzentrum-stetten-akm.de\/wp-content\/uploads\/2024\/07\/Schulfest-3-1024x677.jpg 1024w, https:\/\/www.schulzentrum-stetten-akm.de\/wp-content\/uploads\/2024\/07\/Schulfest-3-300x198.jpg 300w, https:\/\/www.schulzentrum-stetten-akm.de\/wp-content\/uploads\/2024\/07\/Schulfest-3-768x508.jpg 768w, https:\/\/www.schulzentrum-stetten-akm.de\/wp-content\/uploads\/2024\/07\/Schulfest-3-18x12.jpg 18w, https:\/\/www.schulzentrum-stetten-akm.de\/wp-content\/uploads\/2024\/07\/Schulfest-3.jpg 1183w\" sizes=\"auto, (max-width: 1024px) 100vw, 1024px\" \/><figcaption class=\"wp-element-caption\">Dem Thema Wassersport hatte sich eine Gruppe von Acht- und Neuntkl\u00e4sslern gewidmet. Maya und Lara (von links) pr\u00e4sentierten hier ihre tollen Erlebnisse.\u00a0<\/figcaption><\/figure>\n\n\n\n<p>Auch die beiden Bl\u00e4serklassen hatten unter ihrer Dirigentin Christine Burkhart einen viel beklatschten Auftritt, bei dem die jungen Musikerinnen und Musiker zeigten, was sie auf ihren Instrumenten schon alles zu bieten haben. <\/p>\n\n\n\n<figure class=\"wp-block-image size-large\"><img loading=\"lazy\" decoding=\"async\" width=\"1024\" height=\"656\" src=\"https:\/\/www.schulzentrum-stetten-akm.de\/wp-content\/uploads\/2024\/07\/Schulfest-2-1024x656.jpg\" alt=\"\" class=\"wp-image-7117\" srcset=\"https:\/\/www.schulzentrum-stetten-akm.de\/wp-content\/uploads\/2024\/07\/Schulfest-2-1024x656.jpg 1024w, https:\/\/www.schulzentrum-stetten-akm.de\/wp-content\/uploads\/2024\/07\/Schulfest-2-300x192.jpg 300w, https:\/\/www.schulzentrum-stetten-akm.de\/wp-content\/uploads\/2024\/07\/Schulfest-2-768x492.jpg 768w, https:\/\/www.schulzentrum-stetten-akm.de\/wp-content\/uploads\/2024\/07\/Schulfest-2-18x12.jpg 18w, https:\/\/www.schulzentrum-stetten-akm.de\/wp-content\/uploads\/2024\/07\/Schulfest-2.jpg 1174w\" sizes=\"auto, (max-width: 1024px) 100vw, 1024px\" \/><figcaption class=\"wp-element-caption\">Im Innenhof des Schulzentrums gaben die beiden Stettener Bl\u00e4serklassen auf der B\u00fchne des Kubus ein kleines Konzert und erhielten daf\u00fcr viel Applaus.<\/figcaption><\/figure>\n\n\n\n<p>Zu den Highlights geh\u00f6rte zweifellos das Kindermusical \u201eEule findet den Beat\u201c, das die Viertkl\u00e4ssler vor gro\u00dfem Publikum in der Alemannenhalle auff\u00fchrten. Wie die M\u00e4dels und Buben den \u201eEntdeckerflug\u201c der Eule durch die Musikwelt darboten war einfach zauberhaft. Unter der Leitung von Musiklehrerin Gayle Meintel wurde auf der B\u00fchne nicht nur ganz geh\u00f6rig gerockt. Nein, es wurden quasi s\u00e4mtliche Genres und Richtungen der Musik erkl\u00e4rt, als sich eine kleine Eule auf eine Reise um die Welt machte. Dabei lernte sie neben Rock, Pop und Jazz, auch die Oper, Punk und Reggae, den Hip Hop und sogar Elektro-Musik kennen. Wie die Kids das teilweise auf die B\u00fchne brachten, war wirklich begeisternd, und das Publikum belohnte die jungen Akteure mit reichlichem Beifall.<\/p>\n\n\n\n<figure class=\"wp-block-image size-large\"><img loading=\"lazy\" decoding=\"async\" width=\"1024\" height=\"570\" src=\"https:\/\/www.schulzentrum-stetten-akm.de\/wp-content\/uploads\/2024\/07\/Schulfest-1-1024x570.jpg\" alt=\"\" class=\"wp-image-7118\" srcset=\"https:\/\/www.schulzentrum-stetten-akm.de\/wp-content\/uploads\/2024\/07\/Schulfest-1-1024x570.jpg 1024w, https:\/\/www.schulzentrum-stetten-akm.de\/wp-content\/uploads\/2024\/07\/Schulfest-1-300x167.jpg 300w, https:\/\/www.schulzentrum-stetten-akm.de\/wp-content\/uploads\/2024\/07\/Schulfest-1-768x428.jpg 768w, https:\/\/www.schulzentrum-stetten-akm.de\/wp-content\/uploads\/2024\/07\/Schulfest-1-18x10.jpg 18w, https:\/\/www.schulzentrum-stetten-akm.de\/wp-content\/uploads\/2024\/07\/Schulfest-1.jpg 1185w\" sizes=\"auto, (max-width: 1024px) 100vw, 1024px\" \/><figcaption class=\"wp-element-caption\">Unter der Leitung von Musiklehrerin Gayle Meintel (rechts) begeisterten die Viertkl\u00e4ssler vor gro\u00dfem Publikum mit dem Musical \u201eEule findet den Beat\u201c.<\/figcaption><\/figure>\n\n\n\n<p>Alt und Jung f\u00fchlten sich den ganzen Tag \u00fcber sichtlich wohl, wurden von vielen flei\u00dfigen Helfern, dem Kollegium und mitwirkenden Eltern bestens umsorgt.<\/p>\n\n\n\n<figure class=\"wp-block-image size-large\"><img loading=\"lazy\" decoding=\"async\" width=\"1024\" height=\"757\" src=\"https:\/\/www.schulzentrum-stetten-akm.de\/wp-content\/uploads\/2024\/07\/Schulfest-5-1024x757.jpg\" alt=\"\" class=\"wp-image-7119\" srcset=\"https:\/\/www.schulzentrum-stetten-akm.de\/wp-content\/uploads\/2024\/07\/Schulfest-5-1024x757.jpg 1024w, https:\/\/www.schulzentrum-stetten-akm.de\/wp-content\/uploads\/2024\/07\/Schulfest-5-300x222.jpg 300w, https:\/\/www.schulzentrum-stetten-akm.de\/wp-content\/uploads\/2024\/07\/Schulfest-5-768x568.jpg 768w, https:\/\/www.schulzentrum-stetten-akm.de\/wp-content\/uploads\/2024\/07\/Schulfest-5-16x12.jpg 16w, https:\/\/www.schulzentrum-stetten-akm.de\/wp-content\/uploads\/2024\/07\/Schulfest-5.jpg 1052w\" sizes=\"auto, (max-width: 1024px) 100vw, 1024px\" \/><figcaption class=\"wp-element-caption\">Teils war den Andrang an den verschiedenen St\u00e4nden kaum zu bew\u00e4ltigen. \u00a0<\/figcaption><\/figure>\n\n\n\n<p> \u201eEs ist wirklich phantastisch, was Gro\u00df und Klein, Eltern und Sch\u00fcler, Kollegium und Mitarbeiter hier zusammen geleistet haben\u201c, zog der\u00a0hochzufriedene Schulleiter Christof Probst gegen Abend ein \u201epositives Fazit \u00fcber ein wirklich gelungenes Schulfest\u201c.<\/p>","protected":false},"excerpt":{"rendered":"<p>Bericht und Fotos von Gerd Feuerstein f\u00fcr S\u00fcdkurier. Stetten a.k.M. (gfe) Was f\u00fcr eine tolle Fete! Zum Schulfest des Stettener Schulzentrums str\u00f6mten am vergangenen Samstag wahre Besuchermassen. Und die bekamen &hellip; <\/p>","protected":false},"author":1,"featured_media":7122,"comment_status":"closed","ping_status":"closed","sticky":false,"template":"","format":"standard","meta":{"footnotes":""},"categories":[20],"tags":[],"class_list":["post-7115","post","type-post","status-publish","format-standard","has-post-thumbnail","hentry","category-veranstaltungen"],"_links":{"self":[{"href":"https:\/\/www.schulzentrum-stetten-akm.de\/pl\/wp-json\/wp\/v2\/posts\/7115","targetHints":{"allow":["GET"]}}],"collection":[{"href":"https:\/\/www.schulzentrum-stetten-akm.de\/pl\/wp-json\/wp\/v2\/posts"}],"about":[{"href":"https:\/\/www.schulzentrum-stetten-akm.de\/pl\/wp-json\/wp\/v2\/types\/post"}],"author":[{"embeddable":true,"href":"https:\/\/www.schulzentrum-stetten-akm.de\/pl\/wp-json\/wp\/v2\/users\/1"}],"replies":[{"embeddable":true,"href":"https:\/\/www.schulzentrum-stetten-akm.de\/pl\/wp-json\/wp\/v2\/comments?post=7115"}],"version-history":[{"count":2,"href":"https:\/\/www.schulzentrum-stetten-akm.de\/pl\/wp-json\/wp\/v2\/posts\/7115\/revisions"}],"predecessor-version":[{"id":7125,"href":"https:\/\/www.schulzentrum-stetten-akm.de\/pl\/wp-json\/wp\/v2\/posts\/7115\/revisions\/7125"}],"wp:featuredmedia":[{"embeddable":true,"href":"https:\/\/www.schulzentrum-stetten-akm.de\/pl\/wp-json\/wp\/v2\/media\/7122"}],"wp:attachment":[{"href":"https:\/\/www.schulzentrum-stetten-akm.de\/pl\/wp-json\/wp\/v2\/media?parent=7115"}],"wp:term":[{"taxonomy":"category","embeddable":true,"href":"https:\/\/www.schulzentrum-stetten-akm.de\/pl\/wp-json\/wp\/v2\/categories?post=7115"},{"taxonomy":"post_tag","embeddable":true,"href":"https:\/\/www.schulzentrum-stetten-akm.de\/pl\/wp-json\/wp\/v2\/tags?post=7115"}],"curies":[{"name":"wp","href":"https:\/\/api.w.org\/{rel}","templated":true}]}}