{"id":6916,"date":"2024-06-15T19:06:12","date_gmt":"2024-06-15T17:06:12","guid":{"rendered":"https:\/\/www.schulzentrum-stetten-akm.de\/?p=6916"},"modified":"2024-06-15T19:07:10","modified_gmt":"2024-06-15T17:07:10","slug":"rueckblick-die-bundesjugendspiele-am-12-juni","status":"publish","type":"post","link":"https:\/\/www.schulzentrum-stetten-akm.de\/pl\/rueckblick-die-bundesjugendspiele-am-12-juni\/","title":{"rendered":"R\u00fcckblick: Die Bundesjugendspiele am 12. Juni"},"content":{"rendered":"<p><em>Bericht und Fotos von Gerd Feuerstein. <\/em><\/p>\n\n\n\n<p>Stetten a.k.M. (gfe) Rund 470 Sch\u00fclerinnen und Sch\u00fcler des Stettener Schulzentrums haben am vergangenen Mittwoch an den diesj\u00e4hrigen Bundesjugendspielen teilgenommen. Bei strahlendem Sonnenschein k\u00e4mpften die Sekundarstufensch\u00fcler im Heubergstadion um die besten Pl\u00e4tze, w\u00e4hrend die Grundsch\u00fcler auf dem Kunstrasen bei der Alemannenhalle zeigten, was sie sportlich schon so alles draufhaben.<\/p>\n\n\n\n<figure class=\"wp-block-image size-large\"><img loading=\"lazy\" decoding=\"async\" width=\"1024\" height=\"683\" src=\"https:\/\/www.schulzentrum-stetten-akm.de\/wp-content\/uploads\/2024\/06\/BuJu-2-1024x683.jpg\" alt=\"\" class=\"wp-image-6918\" srcset=\"https:\/\/www.schulzentrum-stetten-akm.de\/wp-content\/uploads\/2024\/06\/BuJu-2-1024x683.jpg 1024w, https:\/\/www.schulzentrum-stetten-akm.de\/wp-content\/uploads\/2024\/06\/BuJu-2-300x200.jpg 300w, https:\/\/www.schulzentrum-stetten-akm.de\/wp-content\/uploads\/2024\/06\/BuJu-2-768x512.jpg 768w, https:\/\/www.schulzentrum-stetten-akm.de\/wp-content\/uploads\/2024\/06\/BuJu-2-1536x1024.jpg 1536w, https:\/\/www.schulzentrum-stetten-akm.de\/wp-content\/uploads\/2024\/06\/BuJu-2-scaled.jpg 2048w, https:\/\/www.schulzentrum-stetten-akm.de\/wp-content\/uploads\/2024\/06\/BuJu-2-18x12.jpg 18w\" sizes=\"auto, (max-width: 1024px) 100vw, 1024px\" \/><figcaption class=\"wp-element-caption\">Beim Hochsprung bewies Darius Mecina aus Lerngruppe 6.1 sein Talent<\/figcaption><\/figure>\n\n\n\n<p>Seit Jahrzehnten geh\u00f6ren die Bundesjugendspiele zu den sportlichen H\u00f6hepunkten des Schullebens. Sch\u00fclerinnen und Sch\u00fcler jeden Alters fiebern dem Event meist schon Tage vorher entgegen, und im Lehrerkollegium gilt es allerhand Vorbereitungen zu treffen, um einen reibungslosen Ablauf der Mammutveranstaltung zu gew\u00e4hrleisten. Also hei\u00dft es F\u00e4hnchen, Stoppuhren, Ma\u00dfb\u00e4nder, Trassenband, B\u00e4lle, Rechen, Besen und dergleichen rausholen, und die entsprechenden Stationen f\u00fcr die Wettbewerbe aufzubauen. Dass dies &#8211; auch mit Hilfe etlicher Eltern &#8211; alles super geklappt hat, war sowohl im Stadion als auch beim Kunstrasen auf den ersten Blick zu sehen.<\/p>\n\n\n\n<p>Im jeweils weiten Rund konnten sich die jungen Sportlerinnen und Sportler in den vorgesehenen Disziplinen messen. Dabei wurden die Spiele f\u00fcr die Sekundarstufe im Stadion \u201enoch ganz klassisch als echter Wettkampf\u201c ausgerichtet, bei dem die jeweils besten Ergebnisse aus drei Versuchen gewertet werden. Und den Sch\u00fclerinnen und Sch\u00fcler war anzumerken, dass ihnen der Wettkampf Spa\u00df macht. Da wurde gesprintet, gesprungen, gelaufen und geworfen was das Zeug h\u00e4lt und ausnahmslos alle wurden frenetisch angefeuert, um das Beste aus sich herauszuholen. Je nach eigener Einsch\u00e4tzung konnten sich die Sch\u00fcler entscheiden, ob hoch- oder weitgesprungen, oder statt dem Schlagball geworfen, die Kugel gesto\u00dfen wird. H\u00f6hepunkt bei der Sekundarstufe waren die finalen Langstreckenl\u00e4ufe \u00fcber 800 und 1.000 Meter, bei denen die jeweiligen Wettk\u00e4mpfer von allen anderen Sch\u00fclern sozusagen \u201eschreiend ins Ziel getragen\u201c wurden.<\/p>\n\n\n\n<figure class=\"wp-block-image size-large is-resized\"><img loading=\"lazy\" decoding=\"async\" width=\"1022\" height=\"1024\" src=\"https:\/\/www.schulzentrum-stetten-akm.de\/wp-content\/uploads\/2024\/06\/BuJu-3-1022x1024.jpg\" alt=\"\" class=\"wp-image-6920\" style=\"width:949px;height:auto\" srcset=\"https:\/\/www.schulzentrum-stetten-akm.de\/wp-content\/uploads\/2024\/06\/BuJu-3-1022x1024.jpg 1022w, https:\/\/www.schulzentrum-stetten-akm.de\/wp-content\/uploads\/2024\/06\/BuJu-3-300x300.jpg 300w, https:\/\/www.schulzentrum-stetten-akm.de\/wp-content\/uploads\/2024\/06\/BuJu-3-150x150.jpg 150w, https:\/\/www.schulzentrum-stetten-akm.de\/wp-content\/uploads\/2024\/06\/BuJu-3-768x770.jpg 768w, https:\/\/www.schulzentrum-stetten-akm.de\/wp-content\/uploads\/2024\/06\/BuJu-3-1532x1536.jpg 1532w, https:\/\/www.schulzentrum-stetten-akm.de\/wp-content\/uploads\/2024\/06\/BuJu-3-scaled.jpg 2043w, https:\/\/www.schulzentrum-stetten-akm.de\/wp-content\/uploads\/2024\/06\/BuJu-3-12x12.jpg 12w\" sizes=\"auto, (max-width: 1022px) 100vw, 1022px\" \/><figcaption class=\"wp-element-caption\">Bei den Sprints gaben alle L\u00e4uferinnen und L\u00e4ufer ihr Bestes und wurden kr\u00e4ftig angefeuert.<\/figcaption><\/figure>\n\n\n\n<p>Und auch bei den Grundsch\u00fclern forderte der sogenannte \u201eSieben-Minuten-Lauf\u201c den Kids einiges ab. F\u00fcr jede geschaffte Runde gab es \u201ezwei Spielsteine\u201c, so dass sie am Ende zusammenz\u00e4hlen konnten, was sie geleistet hatten. Auch beim Weitsprung, beim Ballwurf und insbesondere beim \u201eHindernislauf\u201c war den Sportlern ihre Freude und der Spa\u00df am Wettbewerb anzumerken. <\/p>\n\n\n\n<figure class=\"wp-block-image size-large\"><img loading=\"lazy\" decoding=\"async\" width=\"737\" height=\"1024\" src=\"https:\/\/www.schulzentrum-stetten-akm.de\/wp-content\/uploads\/2024\/06\/BuJu-4-737x1024.jpg\" alt=\"\" class=\"wp-image-6919\" srcset=\"https:\/\/www.schulzentrum-stetten-akm.de\/wp-content\/uploads\/2024\/06\/BuJu-4-737x1024.jpg 737w, https:\/\/www.schulzentrum-stetten-akm.de\/wp-content\/uploads\/2024\/06\/BuJu-4-216x300.jpg 216w, https:\/\/www.schulzentrum-stetten-akm.de\/wp-content\/uploads\/2024\/06\/BuJu-4-768x1067.jpg 768w, https:\/\/www.schulzentrum-stetten-akm.de\/wp-content\/uploads\/2024\/06\/BuJu-4-1106x1536.jpg 1106w, https:\/\/www.schulzentrum-stetten-akm.de\/wp-content\/uploads\/2024\/06\/BuJu-4-scaled.jpg 1474w, https:\/\/www.schulzentrum-stetten-akm.de\/wp-content\/uploads\/2024\/06\/BuJu-4-9x12.jpg 9w\" sizes=\"auto, (max-width: 737px) 100vw, 737px\" \/><figcaption class=\"wp-element-caption\">Rektor Christof Probst (links) und der Elternbeiratsvorsitzende Darius Mocny \u00fcberraschten die Kinder mit einem leckeren Eis<\/figcaption><\/figure>\n\n\n\n<p>Und sp\u00e4testens als Rektor Christof Probst zusammen mit dem Elternbeiratsvorsitzenden Darius Mocny vorbeikamen, um f\u00fcr alle Kids ein leckeres Eis zu spendieren, war der Tag f\u00fcr alle Beteiligten ein tolles Erlebnis, an das man auch sp\u00e4ter noch gerne zur\u00fcckdenkt. Mit Spannung fiebern die erfolgreichen Sportlerinnen und Sportler jetzt nur noch der Ausgabe der Siegerurkunden entgegen. \u00a0\u00a0<\/p>","protected":false},"excerpt":{"rendered":"<p>Bericht und Fotos von Gerd Feuerstein. Stetten a.k.M. (gfe) Rund 470 Sch\u00fclerinnen und Sch\u00fcler des Stettener Schulzentrums haben am vergangenen Mittwoch an den diesj\u00e4hrigen Bundesjugendspielen teilgenommen. Bei strahlendem Sonnenschein k\u00e4mpften &hellip; <\/p>","protected":false},"author":1,"featured_media":6917,"comment_status":"closed","ping_status":"closed","sticky":false,"template":"","format":"standard","meta":{"footnotes":""},"categories":[23,20],"tags":[],"class_list":["post-6916","post","type-post","status-publish","format-standard","has-post-thumbnail","hentry","category-sport","category-veranstaltungen"],"_links":{"self":[{"href":"https:\/\/www.schulzentrum-stetten-akm.de\/pl\/wp-json\/wp\/v2\/posts\/6916","targetHints":{"allow":["GET"]}}],"collection":[{"href":"https:\/\/www.schulzentrum-stetten-akm.de\/pl\/wp-json\/wp\/v2\/posts"}],"about":[{"href":"https:\/\/www.schulzentrum-stetten-akm.de\/pl\/wp-json\/wp\/v2\/types\/post"}],"author":[{"embeddable":true,"href":"https:\/\/www.schulzentrum-stetten-akm.de\/pl\/wp-json\/wp\/v2\/users\/1"}],"replies":[{"embeddable":true,"href":"https:\/\/www.schulzentrum-stetten-akm.de\/pl\/wp-json\/wp\/v2\/comments?post=6916"}],"version-history":[{"count":2,"href":"https:\/\/www.schulzentrum-stetten-akm.de\/pl\/wp-json\/wp\/v2\/posts\/6916\/revisions"}],"predecessor-version":[{"id":6922,"href":"https:\/\/www.schulzentrum-stetten-akm.de\/pl\/wp-json\/wp\/v2\/posts\/6916\/revisions\/6922"}],"wp:featuredmedia":[{"embeddable":true,"href":"https:\/\/www.schulzentrum-stetten-akm.de\/pl\/wp-json\/wp\/v2\/media\/6917"}],"wp:attachment":[{"href":"https:\/\/www.schulzentrum-stetten-akm.de\/pl\/wp-json\/wp\/v2\/media?parent=6916"}],"wp:term":[{"taxonomy":"category","embeddable":true,"href":"https:\/\/www.schulzentrum-stetten-akm.de\/pl\/wp-json\/wp\/v2\/categories?post=6916"},{"taxonomy":"post_tag","embeddable":true,"href":"https:\/\/www.schulzentrum-stetten-akm.de\/pl\/wp-json\/wp\/v2\/tags?post=6916"}],"curies":[{"name":"wp","href":"https:\/\/api.w.org\/{rel}","templated":true}]}}