{"id":6885,"date":"2024-06-05T18:19:42","date_gmt":"2024-06-05T16:19:42","guid":{"rendered":"https:\/\/www.schulzentrum-stetten-akm.de\/?p=6885"},"modified":"2024-06-05T18:19:44","modified_gmt":"2024-06-05T16:19:44","slug":"maedchenfussballtag","status":"publish","type":"post","link":"https:\/\/www.schulzentrum-stetten-akm.de\/pl\/maedchenfussballtag\/","title":{"rendered":"M\u00e4dchenfu\u00dfballtag"},"content":{"rendered":"<p><em>Bericht von Moritz Gess. Fotos von Gerd Feuerstein. <\/em><\/p>\n\n\n\n<p>In Kooperation mit der SGM Heuberg (TSV Stetten a.k.M., SV Schwenningen, SV Frohnstetten und SV Storzingen) und dem WFV (w\u00fcrttembergischer Fu\u00dfballverband) konnten wir heute den \u201eTag des M\u00e4dchenfu\u00dfballs\u201c bei uns am Schulzentrum ausrichten. Insgesamt nahmen 96 Teilnehmerinnen von der 1. bis zur 5. Klasse am \u201eTag des M\u00e4dchenfu\u00dfballs\u201c teil. <\/p>\n\n\n\n<figure class=\"wp-block-image size-large\"><img loading=\"lazy\" decoding=\"async\" width=\"1024\" height=\"683\" src=\"https:\/\/www.schulzentrum-stetten-akm.de\/wp-content\/uploads\/2024\/06\/Maedchenfussballtag3-1024x683.jpg\" alt=\"\" class=\"wp-image-6887\" srcset=\"https:\/\/www.schulzentrum-stetten-akm.de\/wp-content\/uploads\/2024\/06\/Maedchenfussballtag3-1024x683.jpg 1024w, https:\/\/www.schulzentrum-stetten-akm.de\/wp-content\/uploads\/2024\/06\/Maedchenfussballtag3-300x200.jpg 300w, https:\/\/www.schulzentrum-stetten-akm.de\/wp-content\/uploads\/2024\/06\/Maedchenfussballtag3-768x512.jpg 768w, https:\/\/www.schulzentrum-stetten-akm.de\/wp-content\/uploads\/2024\/06\/Maedchenfussballtag3-18x12.jpg 18w, https:\/\/www.schulzentrum-stetten-akm.de\/wp-content\/uploads\/2024\/06\/Maedchenfussballtag3.jpg 1080w\" sizes=\"auto, (max-width: 1024px) 100vw, 1024px\" \/><figcaption class=\"wp-element-caption\">bewegte Spielpartien<\/figcaption><\/figure>\n\n\n\n<p>Den ganzen Vormittag \u00fcber durchliefen die Teilnehmerinnen insgesamt neun Stationen auf dem Kunstrasen neben der Schule. Von einem Dribbelparcour mit Torabschluss, mehreren Spielfeldern, Pass\u00fcbungen, einfachen Fu\u00dfball\u00fcbungen und einem Fu\u00dfballdart war alles dabei. Zwischendurch gab es eine kleine Pause f\u00fcr alle Teilnehmerinnen, in der Verpflegung angeboten wurde. Jede Teilnehmerin bekam zur Erinnerung ein Trikot und ein Haarband vom w\u00fcrttembergischen Fu\u00dfballverband (WFV). <\/p>\n\n\n\n<figure class=\"wp-block-image size-large\"><img loading=\"lazy\" decoding=\"async\" width=\"1024\" height=\"683\" src=\"https:\/\/www.schulzentrum-stetten-akm.de\/wp-content\/uploads\/2024\/06\/Maedchenfussballtag-2-1024x683.jpg\" alt=\"\" class=\"wp-image-6888\" srcset=\"https:\/\/www.schulzentrum-stetten-akm.de\/wp-content\/uploads\/2024\/06\/Maedchenfussballtag-2-1024x683.jpg 1024w, https:\/\/www.schulzentrum-stetten-akm.de\/wp-content\/uploads\/2024\/06\/Maedchenfussballtag-2-300x200.jpg 300w, https:\/\/www.schulzentrum-stetten-akm.de\/wp-content\/uploads\/2024\/06\/Maedchenfussballtag-2-768x512.jpg 768w, https:\/\/www.schulzentrum-stetten-akm.de\/wp-content\/uploads\/2024\/06\/Maedchenfussballtag-2-18x12.jpg 18w, https:\/\/www.schulzentrum-stetten-akm.de\/wp-content\/uploads\/2024\/06\/Maedchenfussballtag-2.jpg 1080w\" sizes=\"auto, (max-width: 1024px) 100vw, 1024px\" \/><figcaption class=\"wp-element-caption\">Torkicken<\/figcaption><\/figure>\n\n\n\n<p>Die Trainingszeiten von der SGM Heuberg: Jahrgang 2009\/2010 Montag (in Schwenningen) und Mittwoch (in Stetten) von 18:00 Uhr &#8211; 19:30 Uhr<\/p>","protected":false},"excerpt":{"rendered":"<p>Bericht von Moritz Gess. Fotos von Gerd Feuerstein. In Kooperation mit der SGM Heuberg (TSV Stetten a.k.M., SV Schwenningen, SV Frohnstetten und SV Storzingen) und dem WFV (w\u00fcrttembergischer Fu\u00dfballverband) konnten &hellip; <\/p>","protected":false},"author":1,"featured_media":6886,"comment_status":"closed","ping_status":"closed","sticky":false,"template":"","format":"standard","meta":{"footnotes":""},"categories":[23,20],"tags":[],"class_list":["post-6885","post","type-post","status-publish","format-standard","has-post-thumbnail","hentry","category-sport","category-veranstaltungen"],"_links":{"self":[{"href":"https:\/\/www.schulzentrum-stetten-akm.de\/pl\/wp-json\/wp\/v2\/posts\/6885","targetHints":{"allow":["GET"]}}],"collection":[{"href":"https:\/\/www.schulzentrum-stetten-akm.de\/pl\/wp-json\/wp\/v2\/posts"}],"about":[{"href":"https:\/\/www.schulzentrum-stetten-akm.de\/pl\/wp-json\/wp\/v2\/types\/post"}],"author":[{"embeddable":true,"href":"https:\/\/www.schulzentrum-stetten-akm.de\/pl\/wp-json\/wp\/v2\/users\/1"}],"replies":[{"embeddable":true,"href":"https:\/\/www.schulzentrum-stetten-akm.de\/pl\/wp-json\/wp\/v2\/comments?post=6885"}],"version-history":[{"count":1,"href":"https:\/\/www.schulzentrum-stetten-akm.de\/pl\/wp-json\/wp\/v2\/posts\/6885\/revisions"}],"predecessor-version":[{"id":6889,"href":"https:\/\/www.schulzentrum-stetten-akm.de\/pl\/wp-json\/wp\/v2\/posts\/6885\/revisions\/6889"}],"wp:featuredmedia":[{"embeddable":true,"href":"https:\/\/www.schulzentrum-stetten-akm.de\/pl\/wp-json\/wp\/v2\/media\/6886"}],"wp:attachment":[{"href":"https:\/\/www.schulzentrum-stetten-akm.de\/pl\/wp-json\/wp\/v2\/media?parent=6885"}],"wp:term":[{"taxonomy":"category","embeddable":true,"href":"https:\/\/www.schulzentrum-stetten-akm.de\/pl\/wp-json\/wp\/v2\/categories?post=6885"},{"taxonomy":"post_tag","embeddable":true,"href":"https:\/\/www.schulzentrum-stetten-akm.de\/pl\/wp-json\/wp\/v2\/tags?post=6885"}],"curies":[{"name":"wp","href":"https:\/\/api.w.org\/{rel}","templated":true}]}}