{"id":6828,"date":"2024-04-25T12:22:33","date_gmt":"2024-04-25T10:22:33","guid":{"rendered":"https:\/\/www.schulzentrum-stetten-akm.de\/?p=6828"},"modified":"2024-04-27T15:57:00","modified_gmt":"2024-04-27T13:57:00","slug":"schulzentrum-erhaelt-lesesofa","status":"publish","type":"post","link":"https:\/\/www.schulzentrum-stetten-akm.de\/pl\/schulzentrum-erhaelt-lesesofa\/","title":{"rendered":"Schulzentrum erh\u00e4lt Lesesofa"},"content":{"rendered":"<p>Stetten a. k. M. \u2013 Seit M\u00e4rz steht im Schulzentrum Stetten a. k. M. ein rotes Sofa. Wer k\u00fcnftig auf dem roten Sofa sitzt, kann in angenehmer Atmosph\u00e4re lesen. Lesen ist eine wesentliche Voraussetzung, um erfolgreich in allen Bereichen lernen zu k\u00f6nnen. Es ist dem Lehrkr\u00e4fteteam ein wichtiges Ziel, dass sich jedes Kind unter ihrer Begleitung zu einer kompetenten Leserin\/einem kompetenten Leser entwickelt. Deshalb wird viel Wert auf die Entwicklung einer Lesekultur gelegt. Au\u00dferdem soll das neue Sitzelement in den Pausen eine R\u00fcckzugs- und Entspannungsm\u00f6glichkeit f\u00fcr die Sch\u00fclerinnen und Sch\u00fcler bieten.<\/p>\n\n\n\n<p>Dank einer gro\u00dfz\u00fcgigen Spende der Sparkasse Pfullendorf-Me\u00dfkirch und der Firma primion Technology GmbH konnte das rote Lesesofa angeschafft werden. Beide Spendenpartner haben das Lesesofa mit je 300 Euro bezuschusst. Um eine m\u00f6glichst angenehme Leseatmosph\u00e4re zu schaffen beteiligte sich auch Lindita Kaiser aus der Stettener Markthalle mit wundersch\u00f6nen Zimmerpflanzen, die zu einem guten Raumklima beitragen.<\/p>\n\n\n\n<p>Damit von Beginn an ein gro\u00dfes Repertoire an Lesestoff vorhanden ist, spendete jedes Kind ein Buch aus seinem eigenen Fundus. \u201eEndlich haben die Kinder der Klasse 3b ihren langersehnten Wunsch eines Lesesofas\u201c , freute sich Frau Annika L\u00f6ffler, Klassenlehrerin der 3b.<\/p>\n\n\n\n<p>Ein Schreiben der Kinder an den Schulleiter Herrn Dr. Christof Probst, hatte alles ins Rollen gebracht. In diesem Schreiben baten die Kinder um ein Lesesofa. Durch die Hilfe und das Engagement der Elternvertreterin Christine Spillecke ging es auf Sponsorensuche. Mit der Sparkasse und primion Technology fanden wir starke Partner die dieser Bitte der Kinder folgten. &nbsp;Die Freude der Kinder nach den Osterferien war gro\u00df, als die Spedition das Sofa anlieferte.<\/p>\n\n\n\n<p>Vielen herzlichen Dank allen, die diesem Wunsch der Kinder erf\u00fcllt haben.<\/p>\n\n\n\n<figure class=\"wp-block-image size-large\"><img loading=\"lazy\" decoding=\"async\" width=\"1024\" height=\"683\" src=\"https:\/\/www.schulzentrum-stetten-akm.de\/wp-content\/uploads\/2024\/04\/Bild-2-1024x683.jpg\" alt=\"\" class=\"wp-image-6831\" srcset=\"https:\/\/www.schulzentrum-stetten-akm.de\/wp-content\/uploads\/2024\/04\/Bild-2-1024x683.jpg 1024w, https:\/\/www.schulzentrum-stetten-akm.de\/wp-content\/uploads\/2024\/04\/Bild-2-300x200.jpg 300w, https:\/\/www.schulzentrum-stetten-akm.de\/wp-content\/uploads\/2024\/04\/Bild-2-768x512.jpg 768w, https:\/\/www.schulzentrum-stetten-akm.de\/wp-content\/uploads\/2024\/04\/Bild-2-1536x1024.jpg 1536w, https:\/\/www.schulzentrum-stetten-akm.de\/wp-content\/uploads\/2024\/04\/Bild-2-18x12.jpg 18w, https:\/\/www.schulzentrum-stetten-akm.de\/wp-content\/uploads\/2024\/04\/Bild-2.jpg 2048w\" sizes=\"auto, (max-width: 1024px) 100vw, 1024px\" \/><\/figure>\n\n\n\n<p><strong>Auf dem Titelbild: <\/strong>Offizielle \u00dcbergabe durch Filialdirektor Manfred Kohl\/ Produktionsleiter Stephan Spillecke\/\u00a0 Schulleiter Dr. Christoph Probst\/Klassenlehrerin Annika L\u00f6ffler\/Elternvertreterin Christine Spillecke<\/p>","protected":false},"excerpt":{"rendered":"<p>Stetten a. k. M. \u2013 Seit M\u00e4rz steht im Schulzentrum Stetten a. k. M. ein rotes Sofa. Wer k\u00fcnftig auf dem roten Sofa sitzt, kann in angenehmer Atmosph\u00e4re lesen. Lesen &hellip; <\/p>","protected":false},"author":1,"featured_media":6830,"comment_status":"closed","ping_status":"closed","sticky":false,"template":"","format":"standard","meta":{"footnotes":""},"categories":[22],"tags":[],"class_list":["post-6828","post","type-post","status-publish","format-standard","has-post-thumbnail","hentry","category-schulalltag"],"_links":{"self":[{"href":"https:\/\/www.schulzentrum-stetten-akm.de\/pl\/wp-json\/wp\/v2\/posts\/6828","targetHints":{"allow":["GET"]}}],"collection":[{"href":"https:\/\/www.schulzentrum-stetten-akm.de\/pl\/wp-json\/wp\/v2\/posts"}],"about":[{"href":"https:\/\/www.schulzentrum-stetten-akm.de\/pl\/wp-json\/wp\/v2\/types\/post"}],"author":[{"embeddable":true,"href":"https:\/\/www.schulzentrum-stetten-akm.de\/pl\/wp-json\/wp\/v2\/users\/1"}],"replies":[{"embeddable":true,"href":"https:\/\/www.schulzentrum-stetten-akm.de\/pl\/wp-json\/wp\/v2\/comments?post=6828"}],"version-history":[{"count":3,"href":"https:\/\/www.schulzentrum-stetten-akm.de\/pl\/wp-json\/wp\/v2\/posts\/6828\/revisions"}],"predecessor-version":[{"id":6838,"href":"https:\/\/www.schulzentrum-stetten-akm.de\/pl\/wp-json\/wp\/v2\/posts\/6828\/revisions\/6838"}],"wp:featuredmedia":[{"embeddable":true,"href":"https:\/\/www.schulzentrum-stetten-akm.de\/pl\/wp-json\/wp\/v2\/media\/6830"}],"wp:attachment":[{"href":"https:\/\/www.schulzentrum-stetten-akm.de\/pl\/wp-json\/wp\/v2\/media?parent=6828"}],"wp:term":[{"taxonomy":"category","embeddable":true,"href":"https:\/\/www.schulzentrum-stetten-akm.de\/pl\/wp-json\/wp\/v2\/categories?post=6828"},{"taxonomy":"post_tag","embeddable":true,"href":"https:\/\/www.schulzentrum-stetten-akm.de\/pl\/wp-json\/wp\/v2\/tags?post=6828"}],"curies":[{"name":"wp","href":"https:\/\/api.w.org\/{rel}","templated":true}]}}