{"id":6735,"date":"2024-03-12T18:24:10","date_gmt":"2024-03-12T17:24:10","guid":{"rendered":"https:\/\/www.schulzentrum-stetten-akm.de\/?p=6735"},"modified":"2024-03-12T18:28:05","modified_gmt":"2024-03-12T17:28:05","slug":"wir-begruessen-vier-neue-kolleginnen","status":"publish","type":"post","link":"https:\/\/www.schulzentrum-stetten-akm.de\/pl\/wir-begruessen-vier-neue-kolleginnen\/","title":{"rendered":"Wir begr\u00fc\u00dfen vier neue Kolleginnen"},"content":{"rendered":"<p>Zum Halbjahr 2024 haben drei Referendarinnen ihre Lehramtsausbildung am Schulzentrum Stetten a.k.M. aufgenommen. Julia-Sophia Wolf ist 28 Jahre alt und hat an der P\u00e4dagogischen Hochschule in Weingarten Lehramt auf Haupt-, Werk- und Realschule studiert. Ihre F\u00e4cher sind Ethik, Technik und AES. Derzeit ist sie am Schulzentrum den Lerngruppen 7 und 9 in den F\u00e4cher Ethik und AES eingesetzt.<\/p>\n\n\n\n<p>Ihre Schwester Lisa-Maria Wolf ist 26 Jahre alt und hat ihr Lehramtsstudium auf Haupt-, Werk- und Realschule an der P\u00e4dagogischen Hochschule in Freiburg absolviert. Ihre studierten F\u00e4cher sind Sport und Technik. Derzeit ist sie bei uns in Lernstufe 6 und 8 in den F\u00e4chern Sport und Technik eingesetzt.<\/p>\n\n\n\n<p>Julia Duczmal ist ebenfalls 26 Jahre alt und hat an der PH Weingarten Grundschullehramt mit den F\u00e4chern Deutsch und katholische Religion studiert. Sie ist in der Grundschule in den F\u00e4chern Deutsch und Religion eingesetzt.<\/p>\n\n\n\n<p>Zus\u00e4tzliche neue Kraft ist Anja Peters aus Veringenstadt. Sie kommt aus der Elternzeit zur\u00fcck und unterrichtet an der GMS bis Schuljahresende die F\u00e4cher Deutsch, Englisch, Geschichte, Religion und Bildende Kunst. <\/p>","protected":false},"excerpt":{"rendered":"<p>Zum Halbjahr 2024 haben drei Referendarinnen ihre Lehramtsausbildung am Schulzentrum Stetten a.k.M. aufgenommen. Julia-Sophia Wolf ist 28 Jahre alt und hat an der P\u00e4dagogischen Hochschule in Weingarten Lehramt auf Haupt-, &hellip; <\/p>","protected":false},"author":1,"featured_media":6737,"comment_status":"closed","ping_status":"closed","sticky":false,"template":"","format":"standard","meta":{"footnotes":""},"categories":[22],"tags":[],"class_list":["post-6735","post","type-post","status-publish","format-standard","has-post-thumbnail","hentry","category-schulalltag"],"_links":{"self":[{"href":"https:\/\/www.schulzentrum-stetten-akm.de\/pl\/wp-json\/wp\/v2\/posts\/6735","targetHints":{"allow":["GET"]}}],"collection":[{"href":"https:\/\/www.schulzentrum-stetten-akm.de\/pl\/wp-json\/wp\/v2\/posts"}],"about":[{"href":"https:\/\/www.schulzentrum-stetten-akm.de\/pl\/wp-json\/wp\/v2\/types\/post"}],"author":[{"embeddable":true,"href":"https:\/\/www.schulzentrum-stetten-akm.de\/pl\/wp-json\/wp\/v2\/users\/1"}],"replies":[{"embeddable":true,"href":"https:\/\/www.schulzentrum-stetten-akm.de\/pl\/wp-json\/wp\/v2\/comments?post=6735"}],"version-history":[{"count":3,"href":"https:\/\/www.schulzentrum-stetten-akm.de\/pl\/wp-json\/wp\/v2\/posts\/6735\/revisions"}],"predecessor-version":[{"id":6740,"href":"https:\/\/www.schulzentrum-stetten-akm.de\/pl\/wp-json\/wp\/v2\/posts\/6735\/revisions\/6740"}],"wp:featuredmedia":[{"embeddable":true,"href":"https:\/\/www.schulzentrum-stetten-akm.de\/pl\/wp-json\/wp\/v2\/media\/6737"}],"wp:attachment":[{"href":"https:\/\/www.schulzentrum-stetten-akm.de\/pl\/wp-json\/wp\/v2\/media?parent=6735"}],"wp:term":[{"taxonomy":"category","embeddable":true,"href":"https:\/\/www.schulzentrum-stetten-akm.de\/pl\/wp-json\/wp\/v2\/categories?post=6735"},{"taxonomy":"post_tag","embeddable":true,"href":"https:\/\/www.schulzentrum-stetten-akm.de\/pl\/wp-json\/wp\/v2\/tags?post=6735"}],"curies":[{"name":"wp","href":"https:\/\/api.w.org\/{rel}","templated":true}]}}