{"id":6683,"date":"2024-02-23T19:56:43","date_gmt":"2024-02-23T18:56:43","guid":{"rendered":"https:\/\/www.schulzentrum-stetten-akm.de\/?p=6683"},"modified":"2024-02-23T19:56:45","modified_gmt":"2024-02-23T18:56:45","slug":"grosser-zuspruch-am-tag-der-offenen-tuer","status":"publish","type":"post","link":"https:\/\/www.schulzentrum-stetten-akm.de\/pl\/grosser-zuspruch-am-tag-der-offenen-tuer\/","title":{"rendered":"Gro\u00dfer Zuspruch am Tag der offenen T\u00fcr"},"content":{"rendered":"<p>Rektor Dr. Christof Probst und Konrektor J\u00fcrgen Lebherz freuten sich sichtlich \u00fcber den regen Besucherandrang am Tag der offenen T\u00fcr des Schulzentrums Stetten vergangenen Donnerstag: selbst die Stehpl\u00e4tze hinten in der Mensa waren bei der Er\u00f6ffnung belegt, sodass einige durch die T\u00fcren dem Programm folgen mussten. Unter den G\u00e4sten auch B\u00fcrgermeister Maik Lehn mit seiner Familie.<\/p>\n\n\n\n<p>Gelebte Vielfalt ist an der Gemeinschaftsschule nicht nur fachliches Curriculum. Eine multikulturelle musikalische Auff\u00fchrung boten Bl\u00e4serklasse und Chor der Viertkl\u00e4ssler unter der Leitung von Christine Burkhardt und Gayle Meintel, die die Auftaktveranstaltung in der Mensa mit Liedern aus vier verschiedenen L\u00e4ndern bilingual umrahmten. Der bekannte Song \u201eOld Mc Donald\u201c wurde auf Englisch gesungen und mit Schillers Ode \u201eFreude, sch\u00f6ner G\u00f6tterfunken\u201c auf Deutsch eine Hommage an die heimatliche Verwurzelung der Stettener Schulgemeinschaft ausgebracht.<\/p>\n\n\n\n<p>Ein abwechslungsreicher Nachmittag mit Mitmach-, Vorf\u00fchr- und Informationsangeboten gab den Besuchern Gelegenheit, die Schule kennenzulernen. Speziell f\u00fcr die neuen F\u00fcnfer f\u00fchrten die Lerngruppen 10 durch das Schulhaus und die einzelnen Aktionen. Alle R\u00e4umlichkeiten konnten selbst\u00e4ndig erkundet werden und auch in das Lehrerzimmer konnte man an diesem Tag einmal Einblick nehmen.<\/p>\n\n\n\n<p>Auf dem <em>Markt der M\u00f6glichkeiten<\/em> erhielten Interessierte alle wichtigen Informationen zum Lernen auf drei Niveaustufen, der Arbeit mit Tablets und den Bildungsbereichen <em>Berufsorientierung<\/em> (BO) und <em>Informatik, Mathematik, Physik<\/em> (IMP). Neben den Profilf\u00e4chern ist auch das Coaching eine Besonderheit der Schulart Gemeinschaftsschule, in der teils inklusiv beschult wird. Als Schule mit bewegungserzieherischem Schwerpunkt kann die GMS Stetten einen Bikepool und zahlreiche Sportaktivit\u00e4ten anbieten. Einen weiteren Pluspunkt bietet die innere Verzahnung der Grundschule mit der Sekundarstufe I des Schulzentrums Stetten, die die Sch\u00fcler*innen auf das methodische Arbeiten in den h\u00f6heren Lernstufen bestens vorbereitet. Sozial unterst\u00fctzende Aktivit\u00e4ten stellen Schulsozialarbeit und Schulseelsorge mit einem ausdifferenzierten Sozialcurriculum bereit.<\/p>\n\n\n\n<p>Erstmalig f\u00fcr die Besucher begehbar zeigte sich der umgestaltete und mit neuester Technik ausger\u00fcstete Fachtrakt der Fachrichtungen Biologie, Chemie, Physik und AES, in dem seit diesem Schuljahr in einer neuen modernen K\u00fcche gearbeitet werden kann. Ebenso bietet das Lernb\u00fcro nun 30 neu eingerichtete Computerpl\u00e4tze f\u00fcr die digitale Unterrichtsgestaltung.<\/p>\n\n\n\n<p>Rektor Probst verglich in seiner Rede das breite Spektrum der Lernm\u00f6glichkeiten mit einem \u201eB\u00fcffet, das von hervorragenden Lehrkr\u00e4ften f\u00fcr eine heterogene Sch\u00fclerschaft bereitgestellt\u201c werde. Jeder habe die M\u00f6glichkeit, seine F\u00e4higkeiten individuell zu entfalten. \u201eDie methodische Vielfalt regt Kinder an, sich auch mit Lerninhalten zu besch\u00e4ftigen, die sie zun\u00e4chst nicht so m\u00f6gen\u201c, betont er die Vorz\u00fcge einer Gemeinschaftsschule.<\/p>\n\n\n\n<p>Auch von Elternseite werden die zahlreichen Wahlm\u00f6glichkeiten f\u00fcr die Bildungsbiografie des eigenen Kindes zunehmend gesch\u00e4tzt: im September war die GMS erstmals dreiz\u00fcgig gestartet. F\u00fcr das neue Schuljahr werden insgesamt wieder steigende Anmeldezahlen erwartet.<\/p>\n\n\n\n<p>Eindr\u00fccke von der Veranstaltung haben wir in einer Fotostrecke zusammengefasst. <\/p>\n\n\n\n<figure class=\"wp-block-image size-large\"><img loading=\"lazy\" decoding=\"async\" width=\"1024\" height=\"840\" src=\"https:\/\/www.schulzentrum-stetten-akm.de\/wp-content\/uploads\/2024\/02\/TdO-Bild-1-1024x840.jpeg\" alt=\"\" class=\"wp-image-6685\" srcset=\"https:\/\/www.schulzentrum-stetten-akm.de\/wp-content\/uploads\/2024\/02\/TdO-Bild-1-1024x840.jpeg 1024w, https:\/\/www.schulzentrum-stetten-akm.de\/wp-content\/uploads\/2024\/02\/TdO-Bild-1-300x246.jpeg 300w, https:\/\/www.schulzentrum-stetten-akm.de\/wp-content\/uploads\/2024\/02\/TdO-Bild-1-768x630.jpeg 768w, https:\/\/www.schulzentrum-stetten-akm.de\/wp-content\/uploads\/2024\/02\/TdO-Bild-1-1536x1259.jpeg 1536w, https:\/\/www.schulzentrum-stetten-akm.de\/wp-content\/uploads\/2024\/02\/TdO-Bild-1-scaled.jpeg 2048w, https:\/\/www.schulzentrum-stetten-akm.de\/wp-content\/uploads\/2024\/02\/TdO-Bild-1-15x12.jpeg 15w\" sizes=\"auto, (max-width: 1024px) 100vw, 1024px\" \/><figcaption class=\"wp-element-caption\">Markt der M\u00f6glichkeiten: Informationen zur Lernkultur der Gemeinschaftsschule<\/figcaption><\/figure>\n\n\n\n<figure class=\"wp-block-image size-large\"><img loading=\"lazy\" decoding=\"async\" width=\"1024\" height=\"832\" src=\"https:\/\/www.schulzentrum-stetten-akm.de\/wp-content\/uploads\/2024\/02\/TdO-Bild-2-1024x832.jpeg\" alt=\"\" class=\"wp-image-6686\" srcset=\"https:\/\/www.schulzentrum-stetten-akm.de\/wp-content\/uploads\/2024\/02\/TdO-Bild-2-1024x832.jpeg 1024w, https:\/\/www.schulzentrum-stetten-akm.de\/wp-content\/uploads\/2024\/02\/TdO-Bild-2-300x244.jpeg 300w, https:\/\/www.schulzentrum-stetten-akm.de\/wp-content\/uploads\/2024\/02\/TdO-Bild-2-768x624.jpeg 768w, https:\/\/www.schulzentrum-stetten-akm.de\/wp-content\/uploads\/2024\/02\/TdO-Bild-2-1536x1248.jpeg 1536w, https:\/\/www.schulzentrum-stetten-akm.de\/wp-content\/uploads\/2024\/02\/TdO-Bild-2-scaled.jpeg 2048w, https:\/\/www.schulzentrum-stetten-akm.de\/wp-content\/uploads\/2024\/02\/TdO-Bild-2-15x12.jpeg 15w\" sizes=\"auto, (max-width: 1024px) 100vw, 1024px\" \/><figcaption class=\"wp-element-caption\">Fachbereich Sport und Bike-Pool<\/figcaption><\/figure>\n\n\n\n<figure class=\"wp-block-image size-large is-resized\"><img loading=\"lazy\" decoding=\"async\" width=\"1024\" height=\"713\" src=\"https:\/\/www.schulzentrum-stetten-akm.de\/wp-content\/uploads\/2024\/02\/TdO-Bild-3-1024x713.jpeg\" alt=\"\" class=\"wp-image-6687\" style=\"width:949px;height:auto\" srcset=\"https:\/\/www.schulzentrum-stetten-akm.de\/wp-content\/uploads\/2024\/02\/TdO-Bild-3-1024x713.jpeg 1024w, https:\/\/www.schulzentrum-stetten-akm.de\/wp-content\/uploads\/2024\/02\/TdO-Bild-3-300x209.jpeg 300w, https:\/\/www.schulzentrum-stetten-akm.de\/wp-content\/uploads\/2024\/02\/TdO-Bild-3-768x534.jpeg 768w, https:\/\/www.schulzentrum-stetten-akm.de\/wp-content\/uploads\/2024\/02\/TdO-Bild-3-1536x1069.jpeg 1536w, https:\/\/www.schulzentrum-stetten-akm.de\/wp-content\/uploads\/2024\/02\/TdO-Bild-3-scaled.jpeg 2048w, https:\/\/www.schulzentrum-stetten-akm.de\/wp-content\/uploads\/2024\/02\/TdO-Bild-3-18x12.jpeg 18w, https:\/\/www.schulzentrum-stetten-akm.de\/wp-content\/uploads\/2024\/02\/TdO-Bild-3-120x85.jpeg 120w\" sizes=\"auto, (max-width: 1024px) 100vw, 1024px\" \/><figcaption class=\"wp-element-caption\">Digitale Lernumgebung: PC-Arbeitspl\u00e4tze<\/figcaption><\/figure>\n\n\n\n<figure class=\"wp-block-image size-large\"><img loading=\"lazy\" decoding=\"async\" width=\"1024\" height=\"721\" src=\"https:\/\/www.schulzentrum-stetten-akm.de\/wp-content\/uploads\/2024\/02\/TdO-Bild-4-1024x721.jpeg\" alt=\"\" class=\"wp-image-6688\" srcset=\"https:\/\/www.schulzentrum-stetten-akm.de\/wp-content\/uploads\/2024\/02\/TdO-Bild-4-1024x721.jpeg 1024w, https:\/\/www.schulzentrum-stetten-akm.de\/wp-content\/uploads\/2024\/02\/TdO-Bild-4-300x211.jpeg 300w, https:\/\/www.schulzentrum-stetten-akm.de\/wp-content\/uploads\/2024\/02\/TdO-Bild-4-768x541.jpeg 768w, https:\/\/www.schulzentrum-stetten-akm.de\/wp-content\/uploads\/2024\/02\/TdO-Bild-4-1536x1082.jpeg 1536w, https:\/\/www.schulzentrum-stetten-akm.de\/wp-content\/uploads\/2024\/02\/TdO-Bild-4-scaled.jpeg 2048w, https:\/\/www.schulzentrum-stetten-akm.de\/wp-content\/uploads\/2024\/02\/TdO-Bild-4-18x12.jpeg 18w, https:\/\/www.schulzentrum-stetten-akm.de\/wp-content\/uploads\/2024\/02\/TdO-Bild-4-120x85.jpeg 120w\" sizes=\"auto, (max-width: 1024px) 100vw, 1024px\" \/><figcaption class=\"wp-element-caption\">Chemie mit den Sinnen erkennen<\/figcaption><\/figure>\n\n\n\n<figure class=\"wp-block-image size-large\"><img loading=\"lazy\" decoding=\"async\" width=\"1024\" height=\"815\" src=\"https:\/\/www.schulzentrum-stetten-akm.de\/wp-content\/uploads\/2024\/02\/TdO-Bild-5-1024x815.jpeg\" alt=\"\" class=\"wp-image-6689\" srcset=\"https:\/\/www.schulzentrum-stetten-akm.de\/wp-content\/uploads\/2024\/02\/TdO-Bild-5-1024x815.jpeg 1024w, https:\/\/www.schulzentrum-stetten-akm.de\/wp-content\/uploads\/2024\/02\/TdO-Bild-5-300x239.jpeg 300w, https:\/\/www.schulzentrum-stetten-akm.de\/wp-content\/uploads\/2024\/02\/TdO-Bild-5-768x611.jpeg 768w, https:\/\/www.schulzentrum-stetten-akm.de\/wp-content\/uploads\/2024\/02\/TdO-Bild-5-1536x1223.jpeg 1536w, https:\/\/www.schulzentrum-stetten-akm.de\/wp-content\/uploads\/2024\/02\/TdO-Bild-5-scaled.jpeg 2048w, https:\/\/www.schulzentrum-stetten-akm.de\/wp-content\/uploads\/2024\/02\/TdO-Bild-5-15x12.jpeg 15w\" sizes=\"auto, (max-width: 1024px) 100vw, 1024px\" \/><figcaption class=\"wp-element-caption\">Physik: Experimente mit W\u00e4rme und Elektrizit\u00e4t<\/figcaption><\/figure>\n\n\n\n<figure class=\"wp-block-image size-large\"><img loading=\"lazy\" decoding=\"async\" width=\"1024\" height=\"769\" src=\"https:\/\/www.schulzentrum-stetten-akm.de\/wp-content\/uploads\/2024\/02\/TdO-Bild-6-1024x769.jpeg\" alt=\"\" class=\"wp-image-6690\" srcset=\"https:\/\/www.schulzentrum-stetten-akm.de\/wp-content\/uploads\/2024\/02\/TdO-Bild-6-1024x769.jpeg 1024w, https:\/\/www.schulzentrum-stetten-akm.de\/wp-content\/uploads\/2024\/02\/TdO-Bild-6-300x225.jpeg 300w, https:\/\/www.schulzentrum-stetten-akm.de\/wp-content\/uploads\/2024\/02\/TdO-Bild-6-768x577.jpeg 768w, https:\/\/www.schulzentrum-stetten-akm.de\/wp-content\/uploads\/2024\/02\/TdO-Bild-6-1536x1154.jpeg 1536w, https:\/\/www.schulzentrum-stetten-akm.de\/wp-content\/uploads\/2024\/02\/TdO-Bild-6-scaled.jpeg 2048w, https:\/\/www.schulzentrum-stetten-akm.de\/wp-content\/uploads\/2024\/02\/TdO-Bild-6-16x12.jpeg 16w\" sizes=\"auto, (max-width: 1024px) 100vw, 1024px\" \/><figcaption class=\"wp-element-caption\">Werkstatt-Angebot: Holzkreisel bauen<\/figcaption><\/figure>\n\n\n\n<figure class=\"wp-block-image size-large\"><img loading=\"lazy\" decoding=\"async\" width=\"1024\" height=\"837\" src=\"https:\/\/www.schulzentrum-stetten-akm.de\/wp-content\/uploads\/2024\/02\/TdO-Bild-7-1024x837.jpeg\" alt=\"\" class=\"wp-image-6691\" srcset=\"https:\/\/www.schulzentrum-stetten-akm.de\/wp-content\/uploads\/2024\/02\/TdO-Bild-7-1024x837.jpeg 1024w, https:\/\/www.schulzentrum-stetten-akm.de\/wp-content\/uploads\/2024\/02\/TdO-Bild-7-300x245.jpeg 300w, https:\/\/www.schulzentrum-stetten-akm.de\/wp-content\/uploads\/2024\/02\/TdO-Bild-7-768x628.jpeg 768w, https:\/\/www.schulzentrum-stetten-akm.de\/wp-content\/uploads\/2024\/02\/TdO-Bild-7-1536x1256.jpeg 1536w, https:\/\/www.schulzentrum-stetten-akm.de\/wp-content\/uploads\/2024\/02\/TdO-Bild-7-scaled.jpeg 2048w, https:\/\/www.schulzentrum-stetten-akm.de\/wp-content\/uploads\/2024\/02\/TdO-Bild-7-15x12.jpeg 15w\" sizes=\"auto, (max-width: 1024px) 100vw, 1024px\" \/><figcaption class=\"wp-element-caption\">Sprachen: das Fach Franz\u00f6sisch stellt sich vor<\/figcaption><\/figure>\n\n\n\n<figure class=\"wp-block-image size-large\"><img loading=\"lazy\" decoding=\"async\" width=\"1024\" height=\"631\" src=\"https:\/\/www.schulzentrum-stetten-akm.de\/wp-content\/uploads\/2024\/02\/TdO-Bild-8-1024x631.jpeg\" alt=\"\" class=\"wp-image-6692\" srcset=\"https:\/\/www.schulzentrum-stetten-akm.de\/wp-content\/uploads\/2024\/02\/TdO-Bild-8-1024x631.jpeg 1024w, https:\/\/www.schulzentrum-stetten-akm.de\/wp-content\/uploads\/2024\/02\/TdO-Bild-8-300x185.jpeg 300w, https:\/\/www.schulzentrum-stetten-akm.de\/wp-content\/uploads\/2024\/02\/TdO-Bild-8-768x473.jpeg 768w, https:\/\/www.schulzentrum-stetten-akm.de\/wp-content\/uploads\/2024\/02\/TdO-Bild-8-1536x946.jpeg 1536w, https:\/\/www.schulzentrum-stetten-akm.de\/wp-content\/uploads\/2024\/02\/TdO-Bild-8-scaled.jpeg 2048w, https:\/\/www.schulzentrum-stetten-akm.de\/wp-content\/uploads\/2024\/02\/TdO-Bild-8-18x12.jpeg 18w\" sizes=\"auto, (max-width: 1024px) 100vw, 1024px\" \/><figcaption class=\"wp-element-caption\">selbst\u00e4ndiges Lernen: Sch\u00fclerpr\u00e4sentation mit dem Whiteboard<\/figcaption><\/figure>\n\n\n\n<figure class=\"wp-block-image size-large\"><img loading=\"lazy\" decoding=\"async\" width=\"1024\" height=\"805\" src=\"https:\/\/www.schulzentrum-stetten-akm.de\/wp-content\/uploads\/2024\/02\/TdO-Bild-9-1024x805.jpeg\" alt=\"\" class=\"wp-image-6693\" srcset=\"https:\/\/www.schulzentrum-stetten-akm.de\/wp-content\/uploads\/2024\/02\/TdO-Bild-9-1024x805.jpeg 1024w, https:\/\/www.schulzentrum-stetten-akm.de\/wp-content\/uploads\/2024\/02\/TdO-Bild-9-300x236.jpeg 300w, https:\/\/www.schulzentrum-stetten-akm.de\/wp-content\/uploads\/2024\/02\/TdO-Bild-9-768x604.jpeg 768w, https:\/\/www.schulzentrum-stetten-akm.de\/wp-content\/uploads\/2024\/02\/TdO-Bild-9-1536x1207.jpeg 1536w, https:\/\/www.schulzentrum-stetten-akm.de\/wp-content\/uploads\/2024\/02\/TdO-Bild-9-scaled.jpeg 2048w, https:\/\/www.schulzentrum-stetten-akm.de\/wp-content\/uploads\/2024\/02\/TdO-Bild-9-15x12.jpeg 15w\" sizes=\"auto, (max-width: 1024px) 100vw, 1024px\" \/><figcaption class=\"wp-element-caption\">leibliches Wohl: Auszeit in der neuen K\u00fcche bei Kaffee, Kuchen, Waffeln<\/figcaption><\/figure>\n\n\n\n<figure class=\"wp-block-image size-large\"><img loading=\"lazy\" decoding=\"async\" width=\"1024\" height=\"759\" src=\"https:\/\/www.schulzentrum-stetten-akm.de\/wp-content\/uploads\/2024\/02\/TdO-Bild-10-1024x759.jpeg\" alt=\"\" class=\"wp-image-6694\" srcset=\"https:\/\/www.schulzentrum-stetten-akm.de\/wp-content\/uploads\/2024\/02\/TdO-Bild-10-1024x759.jpeg 1024w, https:\/\/www.schulzentrum-stetten-akm.de\/wp-content\/uploads\/2024\/02\/TdO-Bild-10-300x222.jpeg 300w, https:\/\/www.schulzentrum-stetten-akm.de\/wp-content\/uploads\/2024\/02\/TdO-Bild-10-768x569.jpeg 768w, https:\/\/www.schulzentrum-stetten-akm.de\/wp-content\/uploads\/2024\/02\/TdO-Bild-10-1536x1139.jpeg 1536w, https:\/\/www.schulzentrum-stetten-akm.de\/wp-content\/uploads\/2024\/02\/TdO-Bild-10-scaled.jpeg 2048w, https:\/\/www.schulzentrum-stetten-akm.de\/wp-content\/uploads\/2024\/02\/TdO-Bild-10-16x12.jpeg 16w\" sizes=\"auto, (max-width: 1024px) 100vw, 1024px\" \/><figcaption class=\"wp-element-caption\">Grundschule: bereitet auf die GMS vor<\/figcaption><\/figure>\n\n\n\n<figure class=\"wp-block-image size-large is-resized\"><img loading=\"lazy\" decoding=\"async\" width=\"1024\" height=\"503\" src=\"https:\/\/www.schulzentrum-stetten-akm.de\/wp-content\/uploads\/2024\/02\/TdO-Bild-11-1024x503.jpeg\" alt=\"\" class=\"wp-image-6695\" style=\"width:949px;height:auto\" srcset=\"https:\/\/www.schulzentrum-stetten-akm.de\/wp-content\/uploads\/2024\/02\/TdO-Bild-11-1024x503.jpeg 1024w, https:\/\/www.schulzentrum-stetten-akm.de\/wp-content\/uploads\/2024\/02\/TdO-Bild-11-300x147.jpeg 300w, https:\/\/www.schulzentrum-stetten-akm.de\/wp-content\/uploads\/2024\/02\/TdO-Bild-11-768x377.jpeg 768w, https:\/\/www.schulzentrum-stetten-akm.de\/wp-content\/uploads\/2024\/02\/TdO-Bild-11-1536x754.jpeg 1536w, https:\/\/www.schulzentrum-stetten-akm.de\/wp-content\/uploads\/2024\/02\/TdO-Bild-11-18x9.jpeg 18w, https:\/\/www.schulzentrum-stetten-akm.de\/wp-content\/uploads\/2024\/02\/TdO-Bild-11.jpeg 1763w\" sizes=\"auto, (max-width: 1024px) 100vw, 1024px\" \/><figcaption class=\"wp-element-caption\">Mittagspause-Treffpunkt und Chill-out-Lounge: der Kubus als Freizeitbereich<\/figcaption><\/figure>","protected":false},"excerpt":{"rendered":"<p>Rektor Dr. Christof Probst und Konrektor J\u00fcrgen Lebherz freuten sich sichtlich \u00fcber den regen Besucherandrang am Tag der offenen T\u00fcr des Schulzentrums Stetten vergangenen Donnerstag: selbst die Stehpl\u00e4tze hinten in &hellip; <\/p>","protected":false},"author":1,"featured_media":6684,"comment_status":"closed","ping_status":"closed","sticky":false,"template":"","format":"standard","meta":{"footnotes":""},"categories":[20],"tags":[],"class_list":["post-6683","post","type-post","status-publish","format-standard","has-post-thumbnail","hentry","category-veranstaltungen"],"_links":{"self":[{"href":"https:\/\/www.schulzentrum-stetten-akm.de\/pl\/wp-json\/wp\/v2\/posts\/6683","targetHints":{"allow":["GET"]}}],"collection":[{"href":"https:\/\/www.schulzentrum-stetten-akm.de\/pl\/wp-json\/wp\/v2\/posts"}],"about":[{"href":"https:\/\/www.schulzentrum-stetten-akm.de\/pl\/wp-json\/wp\/v2\/types\/post"}],"author":[{"embeddable":true,"href":"https:\/\/www.schulzentrum-stetten-akm.de\/pl\/wp-json\/wp\/v2\/users\/1"}],"replies":[{"embeddable":true,"href":"https:\/\/www.schulzentrum-stetten-akm.de\/pl\/wp-json\/wp\/v2\/comments?post=6683"}],"version-history":[{"count":1,"href":"https:\/\/www.schulzentrum-stetten-akm.de\/pl\/wp-json\/wp\/v2\/posts\/6683\/revisions"}],"predecessor-version":[{"id":6696,"href":"https:\/\/www.schulzentrum-stetten-akm.de\/pl\/wp-json\/wp\/v2\/posts\/6683\/revisions\/6696"}],"wp:featuredmedia":[{"embeddable":true,"href":"https:\/\/www.schulzentrum-stetten-akm.de\/pl\/wp-json\/wp\/v2\/media\/6684"}],"wp:attachment":[{"href":"https:\/\/www.schulzentrum-stetten-akm.de\/pl\/wp-json\/wp\/v2\/media?parent=6683"}],"wp:term":[{"taxonomy":"category","embeddable":true,"href":"https:\/\/www.schulzentrum-stetten-akm.de\/pl\/wp-json\/wp\/v2\/categories?post=6683"},{"taxonomy":"post_tag","embeddable":true,"href":"https:\/\/www.schulzentrum-stetten-akm.de\/pl\/wp-json\/wp\/v2\/tags?post=6683"}],"curies":[{"name":"wp","href":"https:\/\/api.w.org\/{rel}","templated":true}]}}