{"id":6677,"date":"2024-02-22T12:17:25","date_gmt":"2024-02-22T11:17:25","guid":{"rendered":"https:\/\/www.schulzentrum-stetten-akm.de\/?p=6677"},"modified":"2024-02-22T12:17:27","modified_gmt":"2024-02-22T11:17:27","slug":"verstaerkung-unseres-teams","status":"publish","type":"post","link":"https:\/\/www.schulzentrum-stetten-akm.de\/pl\/verstaerkung-unseres-teams\/","title":{"rendered":"Verst\u00e4rkung unseres Teams"},"content":{"rendered":"<p>Das Kollegium des Schulzentrums Stetten a.k.M. wird seit dieser Woche von Herrn Kayaci aus Albstadt unterst\u00fctzt, der an der Universit\u00e4t Stuttgart den Studiengang Master of Science Luft- und Raumfahrttechnik absolviert hat. Herr Kayaci hat im Rahmen seiner Masterarbeit &#8222;Ultraschallsensorik f\u00fcr zerst\u00f6rungsfreie Pr\u00fcfung&#8220; sechs Monate in Vancouver verbracht, bevor er nun an der GMS Stetten a.k.M. bis Schuljahresende t\u00e4tig sein wird. Er wird in der Begleitung und Hilfestellung bei der Durchf\u00fchrung von Unterricht beispielsweise in den F\u00e4chern BNT-Technik, Mathematik und Englisch eingesetzt. <\/p>","protected":false},"excerpt":{"rendered":"<p>Das Kollegium des Schulzentrums Stetten a.k.M. wird seit dieser Woche von Herrn Kayaci aus Albstadt unterst\u00fctzt, der an der Universit\u00e4t Stuttgart den Studiengang Master of Science Luft- und Raumfahrttechnik absolviert &hellip; <\/p>","protected":false},"author":1,"featured_media":6680,"comment_status":"closed","ping_status":"closed","sticky":false,"template":"","format":"standard","meta":{"footnotes":""},"categories":[22],"tags":[],"class_list":["post-6677","post","type-post","status-publish","format-standard","has-post-thumbnail","hentry","category-schulalltag"],"_links":{"self":[{"href":"https:\/\/www.schulzentrum-stetten-akm.de\/pl\/wp-json\/wp\/v2\/posts\/6677","targetHints":{"allow":["GET"]}}],"collection":[{"href":"https:\/\/www.schulzentrum-stetten-akm.de\/pl\/wp-json\/wp\/v2\/posts"}],"about":[{"href":"https:\/\/www.schulzentrum-stetten-akm.de\/pl\/wp-json\/wp\/v2\/types\/post"}],"author":[{"embeddable":true,"href":"https:\/\/www.schulzentrum-stetten-akm.de\/pl\/wp-json\/wp\/v2\/users\/1"}],"replies":[{"embeddable":true,"href":"https:\/\/www.schulzentrum-stetten-akm.de\/pl\/wp-json\/wp\/v2\/comments?post=6677"}],"version-history":[{"count":1,"href":"https:\/\/www.schulzentrum-stetten-akm.de\/pl\/wp-json\/wp\/v2\/posts\/6677\/revisions"}],"predecessor-version":[{"id":6681,"href":"https:\/\/www.schulzentrum-stetten-akm.de\/pl\/wp-json\/wp\/v2\/posts\/6677\/revisions\/6681"}],"wp:featuredmedia":[{"embeddable":true,"href":"https:\/\/www.schulzentrum-stetten-akm.de\/pl\/wp-json\/wp\/v2\/media\/6680"}],"wp:attachment":[{"href":"https:\/\/www.schulzentrum-stetten-akm.de\/pl\/wp-json\/wp\/v2\/media?parent=6677"}],"wp:term":[{"taxonomy":"category","embeddable":true,"href":"https:\/\/www.schulzentrum-stetten-akm.de\/pl\/wp-json\/wp\/v2\/categories?post=6677"},{"taxonomy":"post_tag","embeddable":true,"href":"https:\/\/www.schulzentrum-stetten-akm.de\/pl\/wp-json\/wp\/v2\/tags?post=6677"}],"curies":[{"name":"wp","href":"https:\/\/api.w.org\/{rel}","templated":true}]}}