{"id":6478,"date":"2023-11-17T07:27:33","date_gmt":"2023-11-17T06:27:33","guid":{"rendered":"https:\/\/www.schulzentrum-stetten-akm.de\/?p=6478"},"modified":"2023-11-17T07:27:35","modified_gmt":"2023-11-17T06:27:35","slug":"glasblaeser-kunst","status":"publish","type":"post","link":"https:\/\/www.schulzentrum-stetten-akm.de\/pl\/glasblaeser-kunst\/","title":{"rendered":"Glasbl\u00e4ser-Kunst"},"content":{"rendered":"<p><em>Raport sporz\u0105dzony przez Dorothe\u0119 Asal. <\/em><br>Am 16.11. 23 kamen Herr und Frau Sommer aus Coburg zu uns ans Schulzentrum Stetten, um den Grundsch\u00fclern den faszinierenden Beruf des Glasbl\u00e4sers vorzustellen und auch direkt vorzuf\u00fchren.<br>In zwei gro\u00dfen Gruppen versammelten sich die Unterstufensch\u00fclerInnen in der Mensa und wurden zuerst auf die Gefahren der bis zu tausend Grad hei\u00dfen Flamme hingewiesen. Herr und Frau Sommer hatten schon diverse Handverletzungen und waren daher ganz besonders vorsichtig, und die Kinder hielten einen guten Sicherheitsabstand. Als erstes blies Frau Sommer in drei Schritten eine wundersch\u00f6ne durchsichtige Christbaumspitze, ohne Farbe, denn dies k\u00f6nne in einem zweiten Schritt per Kobalt und Silber beispielsweise blau nachgef\u00e4rbt werden &#8211; das beeindruckte die Kinder schon sehr. Noch faszinierender war dann der Einsatz von farbigen Glasstangen, die \u00fcber eine Flie\u00dftechnik als Karomuster auf der ebenfalls professionell handgefertigten Vase landeten. Und besonders erfreut waren dann alle, als auch ein Schwan mundgeblasen wurde, der \u00a0eine bunte Fl\u00fcssigkeitsf\u00fcllung bekommen durfte.\u00a0<\/p>\n\n\n\n<figure class=\"wp-block-image size-large\"><img loading=\"lazy\" decoding=\"async\" width=\"1024\" height=\"768\" src=\"https:\/\/www.schulzentrum-stetten-akm.de\/wp-content\/uploads\/2023\/11\/Glasblaeser-Bild-2-1024x768.jpg\" alt=\"\" class=\"wp-image-6480\" srcset=\"https:\/\/www.schulzentrum-stetten-akm.de\/wp-content\/uploads\/2023\/11\/Glasblaeser-Bild-2-1024x768.jpg 1024w, https:\/\/www.schulzentrum-stetten-akm.de\/wp-content\/uploads\/2023\/11\/Glasblaeser-Bild-2-300x225.jpg 300w, https:\/\/www.schulzentrum-stetten-akm.de\/wp-content\/uploads\/2023\/11\/Glasblaeser-Bild-2-768x576.jpg 768w, https:\/\/www.schulzentrum-stetten-akm.de\/wp-content\/uploads\/2023\/11\/Glasblaeser-Bild-2-1536x1152.jpg 1536w, https:\/\/www.schulzentrum-stetten-akm.de\/wp-content\/uploads\/2023\/11\/Glasblaeser-Bild-2-16x12.jpg 16w, https:\/\/www.schulzentrum-stetten-akm.de\/wp-content\/uploads\/2023\/11\/Glasblaeser-Bild-2.jpg 1920w\" sizes=\"auto, (max-width: 1024px) 100vw, 1024px\" \/><figcaption class=\"wp-element-caption\">Selbstversuch: Gar nicht so einfach&#8230;<\/figcaption><\/figure>\n\n\n\n<p><br>Ein Sp\u00e4\u00dfchen war es f\u00fcr zwei Sch\u00fclerInnen, tats\u00e4chlich mal Wasser als erstes Kennenlernen der Technik in Schwanenfiguren zu pusten, und sie nahmen die kleine Wasserbespritzung gern in Kauf.<br>Am Ende bekamen alle Kinder die M\u00f6glichkeit, kleine oder gr\u00f6\u00dfere Glastiere oder Gef\u00e4\u00dfe zu erwerben, und so ward das ein oder andere h\u00fcbsche &#8222;Gschenkle&#8220; Richtung Weihnachten schon organisiert.<br><\/p>","protected":false},"excerpt":{"rendered":"<p>Bericht von Dorothea Asal. Am 16.11. 23 kamen Herr und Frau Sommer aus Coburg zu uns ans Schulzentrum Stetten, um den Grundsch\u00fclern den faszinierenden Beruf des Glasbl\u00e4sers vorzustellen und auch &hellip; <\/p>","protected":false},"author":1,"featured_media":6479,"comment_status":"closed","ping_status":"closed","sticky":false,"template":"","format":"standard","meta":{"footnotes":""},"categories":[20],"tags":[],"class_list":["post-6478","post","type-post","status-publish","format-standard","has-post-thumbnail","hentry","category-veranstaltungen"],"_links":{"self":[{"href":"https:\/\/www.schulzentrum-stetten-akm.de\/pl\/wp-json\/wp\/v2\/posts\/6478","targetHints":{"allow":["GET"]}}],"collection":[{"href":"https:\/\/www.schulzentrum-stetten-akm.de\/pl\/wp-json\/wp\/v2\/posts"}],"about":[{"href":"https:\/\/www.schulzentrum-stetten-akm.de\/pl\/wp-json\/wp\/v2\/types\/post"}],"author":[{"embeddable":true,"href":"https:\/\/www.schulzentrum-stetten-akm.de\/pl\/wp-json\/wp\/v2\/users\/1"}],"replies":[{"embeddable":true,"href":"https:\/\/www.schulzentrum-stetten-akm.de\/pl\/wp-json\/wp\/v2\/comments?post=6478"}],"version-history":[{"count":1,"href":"https:\/\/www.schulzentrum-stetten-akm.de\/pl\/wp-json\/wp\/v2\/posts\/6478\/revisions"}],"predecessor-version":[{"id":6481,"href":"https:\/\/www.schulzentrum-stetten-akm.de\/pl\/wp-json\/wp\/v2\/posts\/6478\/revisions\/6481"}],"wp:featuredmedia":[{"embeddable":true,"href":"https:\/\/www.schulzentrum-stetten-akm.de\/pl\/wp-json\/wp\/v2\/media\/6479"}],"wp:attachment":[{"href":"https:\/\/www.schulzentrum-stetten-akm.de\/pl\/wp-json\/wp\/v2\/media?parent=6478"}],"wp:term":[{"taxonomy":"category","embeddable":true,"href":"https:\/\/www.schulzentrum-stetten-akm.de\/pl\/wp-json\/wp\/v2\/categories?post=6478"},{"taxonomy":"post_tag","embeddable":true,"href":"https:\/\/www.schulzentrum-stetten-akm.de\/pl\/wp-json\/wp\/v2\/tags?post=6478"}],"curies":[{"name":"wp","href":"https:\/\/api.w.org\/{rel}","templated":true}]}}