{"id":6408,"date":"2023-10-04T16:25:36","date_gmt":"2023-10-04T14:25:36","guid":{"rendered":"https:\/\/www.schulzentrum-stetten-akm.de\/?p=6408"},"modified":"2023-10-04T16:25:38","modified_gmt":"2023-10-04T14:25:38","slug":"dzien-pilki-noznej-dla-dzieci-w-osrodku-szkolno-wychowawczym-stetten","status":"publish","type":"post","link":"https:\/\/www.schulzentrum-stetten-akm.de\/pl\/dzien-pilki-noznej-dla-dzieci-w-osrodku-szkolno-wychowawczym-stetten\/","title":{"rendered":"Dzie\u0144 pi\u0142ki no\u017cnej dla dzieci w o\u015brodku szkolnym Stetten"},"content":{"rendered":"<p>Dni pi\u0142ki no\u017cnej dla dzieci odbywaj\u0105 si\u0119 w ca\u0142ych Niemczech od 2011 roku: z profesjonalnymi trenerami odbywaj\u0105 si\u0119 sesje treningowe techniki, po kt\u00f3rych nast\u0119puje turniej, a w\u0142asne umiej\u0119tno\u015bci sportowe dzieci s\u0105 rozwijane. Firma FutureSport umo\u017cliwia uczniom wszystkich typ\u00f3w szk\u00f3\u0142 sp\u0119dzenie dnia na bezp\u0142atnym treningu podobnym do tego, jaki wykonuj\u0105 zawodowi pi\u0142karze. Projekt jest finansowany przez przedsi\u0119biorstwa i firmy z regionu, kt\u00f3re wspieraj\u0105 szko\u0142y i na przyk\u0142ad dodatkowo sponsoruj\u0105 sk\u00f3rzane pi\u0142ki i koszulki dla uczni\u00f3w. <\/p>\n\n\n\n<p>Dwie grupy edukacyjne 6 wzi\u0119\u0142y udzia\u0142 w dniu pi\u0142ki no\u017cnej dla dzieci po raz drugi w ubieg\u0142y pi\u0105tek, 29 wrze\u015bnia, z du\u017c\u0105 zabaw\u0105 i zaanga\u017cowaniem, w towarzystwie trenera G\u00fcntera Rommla ze Stuttgartu - dwa zdj\u0119cia z ceremonii wr\u0119czenia nagr\u00f3d i koszulek zosta\u0142y zrobione przez Laur\u0119 Micoli i Thess\u0119 Oswald z grupy edukacyjnej 6.2. Thessa Oswald relacjonuje przebieg meczu: <\/p>\n\n\n\n<p><em>Najpierw wszyscy razem si\u0119 rozstawiaj\u0105 i dyskutuj\u0105. Nast\u0119pnie rozgrzewaj\u0105 si\u0119 i rozpoczyna si\u0119 trening. Oczywi\u015bcie s\u0105 te\u017c przerwy na picie. \u0106wiczymy kontrol\u0119 nad pi\u0142k\u0105 i strzelanie. Nast\u0119pnie wybieramy dru\u017cyny. \u017b\u00f3\u0142ci kontra czerwoni - czerwoni zdobyli ju\u017c jeden punkt. Aktualizacja: 9:34 - \u017b\u00f3\u0142ci maj\u0105 dwa punkty, a czerwoni jeden. Gra jest bardzo ekscytuj\u0105ca... potem nast\u0119puje mecz \u017b\u00f3\u0142ty przeciwko Bia\u0142emu, \u017b\u00f3\u0142ty zdobywa dwie bramki. Teraz zmiana: Red przeciwko White. Czerwony zdobywa bramk\u0119 - i mecz si\u0119 ko\u0144czy! Teraz nast\u0119puje ceremonia wr\u0119czenia nagr\u00f3d. Miejsca: <\/em><br><em>Miejsce 3 Bia\u0142y<\/em><br><em>Miejsce 2 czerwone <\/em><br><em>Miejsce 1 \u017b\u00f3\u0142ty<\/em><\/p>\n\n\n\n<figure class=\"wp-block-image size-full\"><img loading=\"lazy\" decoding=\"async\" width=\"592\" height=\"785\" src=\"https:\/\/www.schulzentrum-stetten-akm.de\/wp-content\/uploads\/2023\/10\/Kinderfussballtag-Bild-2.jpg\" alt=\"\" class=\"wp-image-6410\" srcset=\"https:\/\/www.schulzentrum-stetten-akm.de\/wp-content\/uploads\/2023\/10\/Kinderfussballtag-Bild-2.jpg 592w, https:\/\/www.schulzentrum-stetten-akm.de\/wp-content\/uploads\/2023\/10\/Kinderfussballtag-Bild-2-226x300.jpg 226w, https:\/\/www.schulzentrum-stetten-akm.de\/wp-content\/uploads\/2023\/10\/Kinderfussballtag-Bild-2-9x12.jpg 9w\" sizes=\"auto, (max-width: 592px) 100vw, 592px\" \/><\/figure>\n\n\n\n<p>Centrum Szkolne Stetten pragnie wyrazi\u0107 szczeg\u00f3lne podzi\u0119kowania dla wielu sponsor\u00f3w, kt\u00f3rych hojne wsparcie sprawi\u0142o, \u017ce dzie\u0144 pi\u0142ki no\u017cnej dla dzieci by\u0142 wspania\u0142ym do\u015bwiadczeniem! Podzi\u0119kowania dla Pelcz Metallverarbeitungs GmbH za koszulki, dla Ingenieub\u00fcro Judith Fauler za czapki pi\u0142karskie, Siggi's Fahrradshop i Fahrschule Reichert za pi\u0142ki no\u017cne oraz dla sponsor\u00f3w Zimmerei H\u00f6lzlebau Braun, primion Technology GmbH, Beltrona GmbH, Maler- und Lackiermeister Anderas Gees, Hotz Baumpflege, Getr\u00e4nke Nolle i Anton Braun S\u00e4gewerk Holzbau GmbH.<\/p>","protected":false},"excerpt":{"rendered":"<p>Dni pi\u0142ki no\u017cnej dla dzieci odbywaj\u0105 si\u0119 w ca\u0142ych Niemczech od 2011 roku: z profesjonalnymi trenerami odbywaj\u0105 si\u0119 sesje treningowe techniki, a nast\u0119pnie turniej, a w\u0142asne umiej\u0119tno\u015bci sportowe dzieci s\u0105 rozwijane. Firma FutureSport umo\u017cliwia uczniom wszystkich ... <\/p>","protected":false},"author":1,"featured_media":6409,"comment_status":"closed","ping_status":"closed","sticky":false,"template":"","format":"standard","meta":{"footnotes":""},"categories":[23,20],"tags":[],"class_list":["post-6408","post","type-post","status-publish","format-standard","has-post-thumbnail","hentry","category-sport","category-veranstaltungen"],"_links":{"self":[{"href":"https:\/\/www.schulzentrum-stetten-akm.de\/pl\/wp-json\/wp\/v2\/posts\/6408","targetHints":{"allow":["GET"]}}],"collection":[{"href":"https:\/\/www.schulzentrum-stetten-akm.de\/pl\/wp-json\/wp\/v2\/posts"}],"about":[{"href":"https:\/\/www.schulzentrum-stetten-akm.de\/pl\/wp-json\/wp\/v2\/types\/post"}],"author":[{"embeddable":true,"href":"https:\/\/www.schulzentrum-stetten-akm.de\/pl\/wp-json\/wp\/v2\/users\/1"}],"replies":[{"embeddable":true,"href":"https:\/\/www.schulzentrum-stetten-akm.de\/pl\/wp-json\/wp\/v2\/comments?post=6408"}],"version-history":[{"count":2,"href":"https:\/\/www.schulzentrum-stetten-akm.de\/pl\/wp-json\/wp\/v2\/posts\/6408\/revisions"}],"predecessor-version":[{"id":6412,"href":"https:\/\/www.schulzentrum-stetten-akm.de\/pl\/wp-json\/wp\/v2\/posts\/6408\/revisions\/6412"}],"wp:featuredmedia":[{"embeddable":true,"href":"https:\/\/www.schulzentrum-stetten-akm.de\/pl\/wp-json\/wp\/v2\/media\/6409"}],"wp:attachment":[{"href":"https:\/\/www.schulzentrum-stetten-akm.de\/pl\/wp-json\/wp\/v2\/media?parent=6408"}],"wp:term":[{"taxonomy":"category","embeddable":true,"href":"https:\/\/www.schulzentrum-stetten-akm.de\/pl\/wp-json\/wp\/v2\/categories?post=6408"},{"taxonomy":"post_tag","embeddable":true,"href":"https:\/\/www.schulzentrum-stetten-akm.de\/pl\/wp-json\/wp\/v2\/tags?post=6408"}],"curies":[{"name":"wp","href":"https:\/\/api.w.org\/{rel}","templated":true}]}}