{"id":6400,"date":"2023-09-28T19:55:13","date_gmt":"2023-09-28T17:55:13","guid":{"rendered":"https:\/\/www.schulzentrum-stetten-akm.de\/?p=6400"},"modified":"2024-04-08T13:45:18","modified_gmt":"2024-04-08T11:45:18","slug":"jobboerse-2023","status":"publish","type":"post","link":"https:\/\/www.schulzentrum-stetten-akm.de\/pl\/jobboerse-2023\/","title":{"rendered":"Rynek pracy 2023"},"content":{"rendered":"<p>Dzisiaj, w czwartek, w Alemannenhalle w centrum szkolnym w Stetten odby\u0142y si\u0119 coroczne targi pracy Wirtschaftsverbund Stetten a.k.M., organizowane przez lokalny EP: retailer Oliver Neusch. 22 znane firmy i przedsi\u0119biorstwa z regionu zaprezentowa\u0142y swoje siedziby i oferty pracy.<\/p>\n\n\n\n<figure class=\"wp-block-image size-full\"><img loading=\"lazy\" decoding=\"async\" width=\"931\" height=\"626\" src=\"https:\/\/www.schulzentrum-stetten-akm.de\/wp-content\/uploads\/2023\/09\/TN-Jobboerse.jpg\" alt=\"\" class=\"wp-image-6405\" srcset=\"https:\/\/www.schulzentrum-stetten-akm.de\/wp-content\/uploads\/2023\/09\/TN-Jobboerse.jpg 931w, https:\/\/www.schulzentrum-stetten-akm.de\/wp-content\/uploads\/2023\/09\/TN-Jobboerse-300x202.jpg 300w, https:\/\/www.schulzentrum-stetten-akm.de\/wp-content\/uploads\/2023\/09\/TN-Jobboerse-768x516.jpg 768w, https:\/\/www.schulzentrum-stetten-akm.de\/wp-content\/uploads\/2023\/09\/TN-Jobboerse-18x12.jpg 18w\" sizes=\"auto, (max-width: 931px) 100vw, 931px\" \/><\/figure>\n\n\n\n<p>Gie\u0142da pracy s\u0142u\u017cy uczniom ze Stetten do zorientowania si\u0119 w wyborze kariery zawodowej i poinformowania ich o regionalnych przedsi\u0119biorstwach i firmach. Oferuje r\u00f3wnie\u017c mo\u017cliwo\u015b\u0107 odbycia sta\u017cu lub praktyk zawodowych i jest nie tylko cenn\u0105 pomoc\u0105 dla firm w pozyskiwaniu odpowiednich przysz\u0142ych pracownik\u00f3w.<br><br>Wydarzenie rozpocz\u0119\u0142o si\u0119 o godzinie 13:30 od kr\u00f3tkiego powitania wszystkich uczestnicz\u0105cych firm i wszystkich uczni\u00f3w na dziedzi\u0144cu szko\u0142y, zanim kilka grup z poziom\u00f3w nauczania 8 i 9 mog\u0142o zapozna\u0107 si\u0119 ze stoiskami i ofertami.<\/p>\n\n\n\n<figure class=\"wp-block-image size-large\"><img loading=\"lazy\" decoding=\"async\" width=\"1024\" height=\"768\" src=\"https:\/\/www.schulzentrum-stetten-akm.de\/wp-content\/uploads\/2023\/09\/Jobboerse-Bild-2-1024x768.jpeg\" alt=\"\" class=\"wp-image-6402\" srcset=\"https:\/\/www.schulzentrum-stetten-akm.de\/wp-content\/uploads\/2023\/09\/Jobboerse-Bild-2-1024x768.jpeg 1024w, https:\/\/www.schulzentrum-stetten-akm.de\/wp-content\/uploads\/2023\/09\/Jobboerse-Bild-2-300x225.jpeg 300w, https:\/\/www.schulzentrum-stetten-akm.de\/wp-content\/uploads\/2023\/09\/Jobboerse-Bild-2-768x576.jpeg 768w, https:\/\/www.schulzentrum-stetten-akm.de\/wp-content\/uploads\/2023\/09\/Jobboerse-Bild-2-16x12.jpeg 16w, https:\/\/www.schulzentrum-stetten-akm.de\/wp-content\/uploads\/2023\/09\/Jobboerse-Bild-2.jpeg 1384w\" sizes=\"auto, (max-width: 1024px) 100vw, 1024px\" \/><figcaption class=\"wp-element-caption\">Rozpocz\u0119cie na szkolnym dziedzi\u0144cu z kostki brukowej<\/figcaption><\/figure>\n\n\n\n<p>Ka\u017cdy uczestnik samodzielnie zaprojektowa\u0142 prezentacj\u0119 firmy. Partnerzy edukacyjni otrzymali wcze\u015bniej zadanie od nauczycielki WBS, pani Zwick, dzi\u0119ki kt\u00f3remu mogli nawi\u0105za\u0107 wst\u0119pne kontakty z firmami: ka\u017cdy z nich musia\u0142 uko\u0144czy\u0107 dwie sesje \"speed-dating\" na r\u00f3\u017cnych stoiskach i sporz\u0105dzi\u0107 notatki na ich temat, kt\u00f3re zostan\u0105 p\u00f3\u017aniej om\u00f3wione na lekcjach WBS (orientacja biznesowa, kariera i studia). <\/p>\n\n\n\n<p>Og\u00f3lnie rzecz bior\u0105c, wszyscy byli entuzjastycznie nastawieni do szerokiej oferty i stymuluj\u0105cych wst\u0119pnych dyskusji na miejscu.<\/p>\n\n\n\n<ol class=\"wp-block-list\" start=\"28\">\n<li><\/li>\n<\/ol>","protected":false},"excerpt":{"rendered":"<p>Dzi\u015b, w czwartek, w Alemannenhalle w centrum szkolnym w Stetten odby\u0142y si\u0119 coroczne targi pracy Wirtschaftsverbund Stetten a.k.M., organizowane przez lokalny EP: retailer Oliver Neusch. 22 ... <\/p>","protected":false},"author":1,"featured_media":6403,"comment_status":"closed","ping_status":"closed","sticky":false,"template":"","format":"standard","meta":{"footnotes":""},"categories":[44,20],"tags":[],"class_list":["post-6400","post","type-post","status-publish","format-standard","has-post-thumbnail","hentry","category-berufsorientierung","category-veranstaltungen"],"_links":{"self":[{"href":"https:\/\/www.schulzentrum-stetten-akm.de\/pl\/wp-json\/wp\/v2\/posts\/6400","targetHints":{"allow":["GET"]}}],"collection":[{"href":"https:\/\/www.schulzentrum-stetten-akm.de\/pl\/wp-json\/wp\/v2\/posts"}],"about":[{"href":"https:\/\/www.schulzentrum-stetten-akm.de\/pl\/wp-json\/wp\/v2\/types\/post"}],"author":[{"embeddable":true,"href":"https:\/\/www.schulzentrum-stetten-akm.de\/pl\/wp-json\/wp\/v2\/users\/1"}],"replies":[{"embeddable":true,"href":"https:\/\/www.schulzentrum-stetten-akm.de\/pl\/wp-json\/wp\/v2\/comments?post=6400"}],"version-history":[{"count":4,"href":"https:\/\/www.schulzentrum-stetten-akm.de\/pl\/wp-json\/wp\/v2\/posts\/6400\/revisions"}],"predecessor-version":[{"id":6790,"href":"https:\/\/www.schulzentrum-stetten-akm.de\/pl\/wp-json\/wp\/v2\/posts\/6400\/revisions\/6790"}],"wp:featuredmedia":[{"embeddable":true,"href":"https:\/\/www.schulzentrum-stetten-akm.de\/pl\/wp-json\/wp\/v2\/media\/6403"}],"wp:attachment":[{"href":"https:\/\/www.schulzentrum-stetten-akm.de\/pl\/wp-json\/wp\/v2\/media?parent=6400"}],"wp:term":[{"taxonomy":"category","embeddable":true,"href":"https:\/\/www.schulzentrum-stetten-akm.de\/pl\/wp-json\/wp\/v2\/categories?post=6400"},{"taxonomy":"post_tag","embeddable":true,"href":"https:\/\/www.schulzentrum-stetten-akm.de\/pl\/wp-json\/wp\/v2\/tags?post=6400"}],"curies":[{"name":"wp","href":"https:\/\/api.w.org\/{rel}","templated":true}]}}