{"id":6228,"date":"2023-07-16T13:07:19","date_gmt":"2023-07-16T11:07:19","guid":{"rendered":"https:\/\/www.schulzentrum-stetten-akm.de\/?p=6228"},"modified":"2023-07-18T15:22:44","modified_gmt":"2023-07-18T13:22:44","slug":"klasa-3a-wygrywa-konkurs-fotograficzny","status":"publish","type":"post","link":"https:\/\/www.schulzentrum-stetten-akm.de\/pl\/klasa-3a-wygrywa-konkurs-fotograficzny\/","title":{"rendered":"Klasa 3a wygrywa konkurs fotograficzny"},"content":{"rendered":"<p>Renate Biselli jest dumna ze swoich dzieci: klasa 3a wygra\u0142a konkurs fotograficzny \"Nasz dom w centrum uwagi\" ze zdj\u0119ciem \"Kolorowe kr\u00f3lestwo owad\u00f3w\". Projekt \"Ochrona i promowanie r\u00f3\u017cnorodno\u015bci biologicznej - nasz dom w centrum uwagi\" jest skierowany do uczni\u00f3w szk\u00f3\u0142 podstawowych w klasach 3 i 4 w Badenii-Wirtembergii w roku szkolnym 2022\/2023. Tematy ochrony przyrody i zachowania r\u00f3\u017cnorodno\u015bci siedlisk maj\u0105 by\u0107 im przybli\u017cone w spos\u00f3b przyjazny dla dzieci. <\/p>\n\n\n\n<p>\u0141\u0105ka pokazana na zdj\u0119ciu to ma\u0142y naturalny raj, kt\u00f3ry zapewnia dom i schronienie wielu owadom i wolno \u017cyj\u0105cym zwierz\u0119tom. Jest szczeg\u00f3lnie przydatna jako \u017ar\u00f3d\u0142o nektaru dla r\u00f3\u017cnych dzikich pszcz\u00f3\u0142. Aby przyczyni\u0107 si\u0119 do ich ochrony, klasa 3a zbudowa\u0142a hotele dla owad\u00f3w ze starych puszek i naturalnego materia\u0142u wype\u0142niaj\u0105cego i umie\u015bci\u0142a je zar\u00f3wno na \u0142\u0105ce, jak i na podw\u00f3rku szkolnym o\u015brodka szkolnego - podczas przerwy zauwa\u017cono ju\u017c pszczo\u0142\u0119 murark\u0119!<\/p>\n\n\n\n<figure class=\"wp-block-image size-large\"><img loading=\"lazy\" decoding=\"async\" width=\"1024\" height=\"768\" src=\"https:\/\/www.schulzentrum-stetten-akm.de\/wp-content\/uploads\/2023\/07\/Klasse-3-Fotowettbewerb-1024x768.jpg\" alt=\"\" class=\"wp-image-6237\" srcset=\"https:\/\/www.schulzentrum-stetten-akm.de\/wp-content\/uploads\/2023\/07\/Klasse-3-Fotowettbewerb-1024x768.jpg 1024w, https:\/\/www.schulzentrum-stetten-akm.de\/wp-content\/uploads\/2023\/07\/Klasse-3-Fotowettbewerb-300x225.jpg 300w, https:\/\/www.schulzentrum-stetten-akm.de\/wp-content\/uploads\/2023\/07\/Klasse-3-Fotowettbewerb-768x576.jpg 768w, https:\/\/www.schulzentrum-stetten-akm.de\/wp-content\/uploads\/2023\/07\/Klasse-3-Fotowettbewerb-1536x1152.jpg 1536w, https:\/\/www.schulzentrum-stetten-akm.de\/wp-content\/uploads\/2023\/07\/Klasse-3-Fotowettbewerb-16x12.jpg 16w, https:\/\/www.schulzentrum-stetten-akm.de\/wp-content\/uploads\/2023\/07\/Klasse-3-Fotowettbewerb.jpg 1920w\" sizes=\"auto, (max-width: 1024px) 100vw, 1024px\" \/><figcaption class=\"wp-element-caption\">3a ciesz\u0105 si\u0119 z wygranej.<\/figcaption><\/figure>\n\n\n\n<p>Opr\u00f3cz publikacji zwyci\u0119skiej pracy, klasa szko\u0142y podstawowej otrzyma\u0142a 100 euro do skarbca klasowego, kule kwiatowe i certyfikat.<\/p>","protected":false},"excerpt":{"rendered":"<p>Renate Biselli jest dumna ze swoich dzieci: 3a wygra\u0142a konkurs fotograficzny \"Nasz dom w centrum uwagi\" ze zdj\u0119ciem \"Kolorowe kr\u00f3lestwo owad\u00f3w\". Projekt \"Ochrona bior\u00f3\u017cnorodno\u015bci i ... <\/p>","protected":false},"author":1,"featured_media":6229,"comment_status":"closed","ping_status":"closed","sticky":false,"template":"","format":"standard","meta":{"footnotes":""},"categories":[1,22],"tags":[],"class_list":["post-6228","post","type-post","status-publish","format-standard","has-post-thumbnail","hentry","category-allgemein","category-schulalltag"],"_links":{"self":[{"href":"https:\/\/www.schulzentrum-stetten-akm.de\/pl\/wp-json\/wp\/v2\/posts\/6228","targetHints":{"allow":["GET"]}}],"collection":[{"href":"https:\/\/www.schulzentrum-stetten-akm.de\/pl\/wp-json\/wp\/v2\/posts"}],"about":[{"href":"https:\/\/www.schulzentrum-stetten-akm.de\/pl\/wp-json\/wp\/v2\/types\/post"}],"author":[{"embeddable":true,"href":"https:\/\/www.schulzentrum-stetten-akm.de\/pl\/wp-json\/wp\/v2\/users\/1"}],"replies":[{"embeddable":true,"href":"https:\/\/www.schulzentrum-stetten-akm.de\/pl\/wp-json\/wp\/v2\/comments?post=6228"}],"version-history":[{"count":2,"href":"https:\/\/www.schulzentrum-stetten-akm.de\/pl\/wp-json\/wp\/v2\/posts\/6228\/revisions"}],"predecessor-version":[{"id":6239,"href":"https:\/\/www.schulzentrum-stetten-akm.de\/pl\/wp-json\/wp\/v2\/posts\/6228\/revisions\/6239"}],"wp:featuredmedia":[{"embeddable":true,"href":"https:\/\/www.schulzentrum-stetten-akm.de\/pl\/wp-json\/wp\/v2\/media\/6229"}],"wp:attachment":[{"href":"https:\/\/www.schulzentrum-stetten-akm.de\/pl\/wp-json\/wp\/v2\/media?parent=6228"}],"wp:term":[{"taxonomy":"category","embeddable":true,"href":"https:\/\/www.schulzentrum-stetten-akm.de\/pl\/wp-json\/wp\/v2\/categories?post=6228"},{"taxonomy":"post_tag","embeddable":true,"href":"https:\/\/www.schulzentrum-stetten-akm.de\/pl\/wp-json\/wp\/v2\/tags?post=6228"}],"curies":[{"name":"wp","href":"https:\/\/api.w.org\/{rel}","templated":true}]}}