{"id":5984,"date":"2023-05-11T14:41:37","date_gmt":"2023-05-11T12:41:37","guid":{"rendered":"https:\/\/www.schulzentrum-stetten-akm.de\/?p=5984"},"modified":"2023-05-11T14:43:08","modified_gmt":"2023-05-11T12:43:08","slug":"pomimo-deszczu-duzo-zabawy-z-oekomobil","status":"publish","type":"post","link":"https:\/\/www.schulzentrum-stetten-akm.de\/pl\/pomimo-deszczu-duzo-zabawy-z-oekomobil\/","title":{"rendered":"Mn\u00f3stwo zabawy z Ecomobile pomimo deszczu"},"content":{"rendered":"<p>Wczoraj klasa 3a do\u015bwiadczy\u0142a najwa\u017cniejszego wydarzenia w edukacji ekologicznej i przyrodniczej: dzi\u0119ki Ecomobile Rady Regionalnej Tybingi dzieci dowiedzia\u0142y si\u0119 o lesie jako ekosystemie i mog\u0142y samodzielnie odkrywa\u0107 powi\u0105zania w cyklu naturalnym. Na potrzeby wycieczki edukacyjnej po lesie, ekspertka Ecomobile Sabine Reu\u00dfink ukry\u0142a wcze\u015bniej drewniane zwierz\u0119ta le\u015bne, kt\u00f3re dzieci ze szk\u00f3\u0142 podstawowych musia\u0142y odnale\u017a\u0107 i w ten spos\u00f3b dokona\u0142y ju\u017c pierwszej eksploracji otoczenia. P\u00f3\u017aniej, w czteroosobowych grupach, dzieci szuka\u0142y ma\u0142ych mieszka\u0144c\u00f3w lasu, takich jak paj\u0105ki, krocionogi czy chrz\u0105szcze, aby je zidentyfikowa\u0107 i obejrze\u0107 pod mikroskopem. Fascynuj\u0105ce spostrze\u017cenia pomagaj\u0105 prze\u0142ama\u0107 strach przed pe\u0142zaj\u0105cymi owadami i zrozumie\u0107 ich rol\u0119 w utrzymaniu r\u00f3wnowagi ekologicznej.<br><\/p>\n\n\n\n<figure class=\"wp-block-image size-large\"><img loading=\"lazy\" decoding=\"async\" width=\"768\" height=\"1024\" src=\"https:\/\/www.schulzentrum-stetten-akm.de\/wp-content\/uploads\/2023\/05\/Bild-Oekomobil-innen-768x1024.jpg\" alt=\"\" class=\"wp-image-5985\" srcset=\"https:\/\/www.schulzentrum-stetten-akm.de\/wp-content\/uploads\/2023\/05\/Bild-Oekomobil-innen-768x1024.jpg 768w, https:\/\/www.schulzentrum-stetten-akm.de\/wp-content\/uploads\/2023\/05\/Bild-Oekomobil-innen-225x300.jpg 225w, https:\/\/www.schulzentrum-stetten-akm.de\/wp-content\/uploads\/2023\/05\/Bild-Oekomobil-innen-1152x1536.jpg 1152w, https:\/\/www.schulzentrum-stetten-akm.de\/wp-content\/uploads\/2023\/05\/Bild-Oekomobil-innen-9x12.jpg 9w, https:\/\/www.schulzentrum-stetten-akm.de\/wp-content\/uploads\/2023\/05\/Bild-Oekomobil-innen.jpg 1440w\" sizes=\"auto, (max-width: 768px) 100vw, 768px\" \/><figcaption class=\"wp-element-caption\">Wszystko na najmniejszej przestrzeni: miejsca pracy w Ecomobile<\/figcaption><\/figure>\n\n\n\n<p>Opr\u00f3cz podgrzewanych sto\u0142\u00f3w z 24 stanowiskami roboczymi, Ecomobile oferuje ma\u0142e laboratorium na pok\u0142adzie z wa\u017cnymi narz\u0119dziami, takimi jak mikroskopy stereoskopowe, lornetki, pojemniki na zbiory, ksi\u0105\u017cki identyfikacyjne oraz sprz\u0119t do badania gleby i wody, aby umo\u017cliwi\u0107 uczniom pierwszy kontakt z dziedzinami zwi\u0105zanymi z przyrod\u0105. Znaleziska s\u0105 wy\u015bwietlane w sekwencjach wideo, aby przekaza\u0107 wiedz\u0119 o ich naturze - dzi\u0119ki zielonej energii z ogniw s\u0142onecznych na dachu pojazdu. <\/p>\n\n\n\n<p>W przysz\u0142y poniedzia\u0142ek, 15 maja, Ecomobile ponownie przyjedzie do centrum szko\u0142y, a klasa 3b b\u0119dzie mog\u0142a odwiedzi\u0107 badaczy.<\/p>\n\n\n\n<p>Na zdj\u0119ciu na ok\u0142adce nauczycielka Renate Biselli ze swoimi entuzjastycznie nastawionymi uczniami z klasy 3a.<\/p>\n\n\n\n<p><\/p>\n\n\n\n<p><\/p>","protected":false},"excerpt":{"rendered":"<p>Wczoraj klasa 3a do\u015bwiadczy\u0142a najwa\u017cniejszego punktu edukacji ekologicznej i przyrodniczej: dzi\u0119ki Ecomobile Rady Regionalnej Tybingi dzieci pozna\u0142y las jako ekosystem i mog\u0142y zbada\u0107 wzajemne powi\u0105zania w przyrodzie ... <\/p>","protected":false},"author":1,"featured_media":5986,"comment_status":"closed","ping_status":"closed","sticky":false,"template":"","format":"standard","meta":{"footnotes":""},"categories":[21],"tags":[],"class_list":["post-5984","post","type-post","status-publish","format-standard","has-post-thumbnail","hentry","category-exkursionen-und-lerngaenge"],"_links":{"self":[{"href":"https:\/\/www.schulzentrum-stetten-akm.de\/pl\/wp-json\/wp\/v2\/posts\/5984","targetHints":{"allow":["GET"]}}],"collection":[{"href":"https:\/\/www.schulzentrum-stetten-akm.de\/pl\/wp-json\/wp\/v2\/posts"}],"about":[{"href":"https:\/\/www.schulzentrum-stetten-akm.de\/pl\/wp-json\/wp\/v2\/types\/post"}],"author":[{"embeddable":true,"href":"https:\/\/www.schulzentrum-stetten-akm.de\/pl\/wp-json\/wp\/v2\/users\/1"}],"replies":[{"embeddable":true,"href":"https:\/\/www.schulzentrum-stetten-akm.de\/pl\/wp-json\/wp\/v2\/comments?post=5984"}],"version-history":[{"count":3,"href":"https:\/\/www.schulzentrum-stetten-akm.de\/pl\/wp-json\/wp\/v2\/posts\/5984\/revisions"}],"predecessor-version":[{"id":5989,"href":"https:\/\/www.schulzentrum-stetten-akm.de\/pl\/wp-json\/wp\/v2\/posts\/5984\/revisions\/5989"}],"wp:featuredmedia":[{"embeddable":true,"href":"https:\/\/www.schulzentrum-stetten-akm.de\/pl\/wp-json\/wp\/v2\/media\/5986"}],"wp:attachment":[{"href":"https:\/\/www.schulzentrum-stetten-akm.de\/pl\/wp-json\/wp\/v2\/media?parent=5984"}],"wp:term":[{"taxonomy":"category","embeddable":true,"href":"https:\/\/www.schulzentrum-stetten-akm.de\/pl\/wp-json\/wp\/v2\/categories?post=5984"},{"taxonomy":"post_tag","embeddable":true,"href":"https:\/\/www.schulzentrum-stetten-akm.de\/pl\/wp-json\/wp\/v2\/tags?post=5984"}],"curies":[{"name":"wp","href":"https:\/\/api.w.org\/{rel}","templated":true}]}}